{"id":4866,"date":"2026-04-27T16:03:44","date_gmt":"2026-04-27T19:03:44","guid":{"rendered":"https:\/\/repensandoavida.com.br\/blog\/?p=4866"},"modified":"2026-04-27T16:11:46","modified_gmt":"2026-04-27T19:11:46","slug":"a-inquietacao-que-nos-levou-as-estrelas-jornal","status":"publish","type":"post","link":"https:\/\/repensandoavida.com.br\/blog\/a-inquietacao-que-nos-levou-as-estrelas-jornal\/","title":{"rendered":"A  Inquieta\u00e7\u00e3o Que Nos Levou as Estrelas &#8211; JORNAL dia 25\/04\/2026"},"content":{"rendered":"<p><strong><span style=\"font-family: 'comic sans ms', sans-serif; color: #008000;\">Em abril de 2026, quatro astronautas contornaram a Lua a bordo da c\u00e1psula Orion e retornaram em seguran\u00e7a ao Oceano Pac\u00edfico. A miss\u00e3o Artemis II n\u00e3o pousou na superf\u00edcie lunar \u2014 e talvez seja justamente isso que a torne t\u00e3o reveladora. Porque o que define a humanidade n\u00e3o \u00e9 o instante da chegada, mas a persist\u00eancia da jornada.<\/span><\/strong><\/p>\n<p><strong><span style=\"font-family: 'comic sans ms', sans-serif; color: #008000;\">H\u00e1 setenta anos, o espa\u00e7o habitava o territ\u00f3rio da fic\u00e7\u00e3o cient\u00edfica. Hoje, \u00e9 simultaneamente palco de disputas pol\u00edticas, interesses econ\u00f4micos e avan\u00e7os cient\u00edficos. A corrida iniciada no clima tenso da Guerra Fria \u2014 com o Sputnik rasgando o c\u00e9u em 1957 e Neil Armstrong dando seu passo hist\u00f3rico em 1969 \u2014 n\u00e3o terminou. Ela apenas mudou de forma. E tornou-se ainda mais intensa.<\/span><\/strong><\/p>\n<p><span style=\"color: #0000ff;\"><strong><span style=\"font-family: 'comic sans ms', sans-serif;\">\u201cSe a Apollo provou que era poss\u00edvel ir, a Artemis come\u00e7a a mostrar como permanecer.\u201d<\/span><\/strong><\/span><\/p>\n<p><strong><span style=\"font-family: 'comic sans ms', sans-serif; color: #008000;\">A China compreendeu rapidamente esse novo cen\u00e1rio. Enquanto o Ocidente debatia or\u00e7amentos, avan\u00e7ou silenciosamente: pousou no lado oculto da Lua, trouxe amostras in\u00e9ditas e consolidou sua pr\u00f3pria esta\u00e7\u00e3o espacial. O programa Chang\u2019e n\u00e3o representa apenas ci\u00eancia \u2014 simboliza o fim de uma era de protagonismo exclusivo. A nova corrida espacial j\u00e1 n\u00e3o \u00e9 bipolar: \u00e9 m\u00faltipla, din\u00e2mica e imprevis\u00edvel.<\/span><\/strong><\/p>\n<p><strong><span style=\"font-family: 'comic sans ms', sans-serif; color: #008000;\">Nesse cen\u00e1rio estrat\u00e9gico, o Brasil ainda observa \u00e0 dist\u00e2ncia. Possu\u00edmos universidades s\u00f3lidas, pesquisadores de excel\u00eancia e um hist\u00f3rico aeroespacial relevante, embora pouco valorizado. O que nos falta n\u00e3o \u00e9 capacidade \u2014 \u00e9 decis\u00e3o. Cada ano sem uma pol\u00edtica consistente amplia a dist\u00e2ncia de um setor que moldar\u00e1 o futuro. A quest\u00e3o j\u00e1 n\u00e3o \u00e9 se podemos participar, mas por que ainda hesitamos.<\/span><\/strong><\/p>\n<p><strong><span style=\"font-family: 'comic sans ms', sans-serif; color: #008000;\">Contudo, para al\u00e9m da geopol\u00edtica, existe algo mais profundo em jogo. Desde Cop\u00e9rnico, que desafiou o geocentrismo, at\u00e9 Galileu, que pagou o pre\u00e7o por observar e questionar, a explora\u00e7\u00e3o do cosmos \u00e9, antes de tudo, uma express\u00e3o de coragem intelectual. \u00c9 a trajet\u00f3ria daqueles que recusaram aceitar o mundo como definitivo \u2014 e escolheram perguntar.<\/span><\/strong><\/p>\n<p><strong><span style=\"font-family: 'comic sans ms', sans-serif; color: #008000;\">Armstrong tocou o solo lunar. Gagarin contemplou a Terra azul pela primeira vez. Christina Koch integrou uma nova etapa dessa hist\u00f3ria ao participar de uma miss\u00e3o lunar tripulada. Todos s\u00e3o elos de uma mesma corrente: a busca incessante por compreender.<\/span><\/strong><\/p>\n<p><span style=\"color: #0000ff;\"><strong><span style=\"font-family: 'comic sans ms', sans-serif;\">\u201cO verdadeiro salto n\u00e3o ocorreu na Lua \u2014 ocorreu no instante em que algu\u00e9m olhou para o c\u00e9u e, em vez de aceitar, decidiu questionar.\u201d<\/span><\/strong><\/span><\/p>\n<p><strong><span style=\"font-family: 'comic sans ms', sans-serif; color: #008000;\">Que os pr\u00f3ximos setenta anos nos encontrem n\u00e3o apenas mais avan\u00e7ados tecnologicamente, mas igualmente inquietos. Porque enquanto essa inquieta\u00e7\u00e3o existir, nenhuma fronteira ser\u00e1 definitiva.<\/span><\/strong><\/p>\n<p style=\"text-align: center;\"><span style=\"color: #0000ff;\"><strong><span style=\"font-family: 'comic sans ms', sans-serif;\">Walmor Tadeu Schweitzer<\/span><\/strong><\/span><br \/>\n<span style=\"color: #0000ff;\"><strong><span style=\"font-family: 'comic sans ms', sans-serif;\">Contato: Walmor1953@gmail.com<\/span><\/strong><\/span><\/p>\n","protected":false},"excerpt":{"rendered":"<p>Em abril de 2026, quatro astronautas contornaram a Lua a bordo da c\u00e1psula Orion e retornaram em seguran\u00e7a ao Oceano Pac\u00edfico. A miss\u00e3o Artemis II n\u00e3o pousou na superf\u00edcie lunar \u2014 e talvez seja justamente isso que a torne t\u00e3o reveladora. Porque o que define&#8230;<\/p>\n","protected":false},"author":2,"featured_media":4824,"comment_status":"open","ping_status":"open","sticky":false,"template":"","format":"standard","meta":{"footnotes":""},"categories":[1,17,18,12],"tags":[],"class_list":["post-4866","post","type-post","status-publish","format-standard","has-post-thumbnail","hentry","category-blog","category-educacao","category-evolucao-cientifica","category-historia"],"_links":{"self":[{"href":"https:\/\/repensandoavida.com.br\/blog\/wp-json\/wp\/v2\/posts\/4866","targetHints":{"allow":["GET"]}}],"collection":[{"href":"https:\/\/repensandoavida.com.br\/blog\/wp-json\/wp\/v2\/posts"}],"about":[{"href":"https:\/\/repensandoavida.com.br\/blog\/wp-json\/wp\/v2\/types\/post"}],"author":[{"embeddable":true,"href":"https:\/\/repensandoavida.com.br\/blog\/wp-json\/wp\/v2\/users\/2"}],"replies":[{"embeddable":true,"href":"https:\/\/repensandoavida.com.br\/blog\/wp-json\/wp\/v2\/comments?post=4866"}],"version-history":[{"count":4,"href":"https:\/\/repensandoavida.com.br\/blog\/wp-json\/wp\/v2\/posts\/4866\/revisions"}],"predecessor-version":[{"id":4872,"href":"https:\/\/repensandoavida.com.br\/blog\/wp-json\/wp\/v2\/posts\/4866\/revisions\/4872"}],"wp:featuredmedia":[{"embeddable":true,"href":"https:\/\/repensandoavida.com.br\/blog\/wp-json\/wp\/v2\/media\/4824"}],"wp:attachment":[{"href":"https:\/\/repensandoavida.com.br\/blog\/wp-json\/wp\/v2\/media?parent=4866"}],"wp:term":[{"taxonomy":"category","embeddable":true,"href":"https:\/\/repensandoavida.com.br\/blog\/wp-json\/wp\/v2\/categories?post=4866"},{"taxonomy":"post_tag","embeddable":true,"href":"https:\/\/repensandoavida.com.br\/blog\/wp-json\/wp\/v2\/tags?post=4866"}],"curies":[{"name":"wp","href":"https:\/\/api.w.org\/{rel}","templated":true}]}}