{"id":4873,"date":"2026-04-28T02:14:51","date_gmt":"2026-04-28T05:14:51","guid":{"rendered":"https:\/\/repensandoavida.com.br\/blog\/?p=4873"},"modified":"2026-04-28T20:50:59","modified_gmt":"2026-04-28T23:50:59","slug":"laerte-ramos-vieira-a-voz-que-o-brasil-parou-para-ouvir","status":"publish","type":"post","link":"https:\/\/repensandoavida.com.br\/blog\/laerte-ramos-vieira-a-voz-que-o-brasil-parou-para-ouvir\/","title":{"rendered":"De Lages ao Congresso: A Grandeza de Laerte Ramos Vieira"},"content":{"rendered":"<p class=\"font-claude-response-body break-words whitespace-normal leading-[1.7]\"><strong><span style=\"font-family: 'comic sans ms', sans-serif; font-size: 18pt; color: #000080;\"><em>Um tribuno serrano que fez hist\u00f3ria na pol\u00edtica brasileira<\/em><\/span><\/strong><\/p>\n<hr class=\"border-border-200 border-t-0.5 my-3 mx-1.5\" \/>\n<p class=\"font-claude-response-body break-words whitespace-normal leading-[1.7]\"><strong><span style=\"font-family: 'comic sans ms', sans-serif; color: #800000;\">Quando me debru\u00e7o sobre a hist\u00f3ria pol\u00edtica de Santa Catarina, encontro figuras que, por sua capacidade, coragem e vis\u00e3o, transcenderam os limites do Estado e deixaram marcas indel\u00e9veis na vida p\u00fablica nacional. Entre essas figuras, Laerte Ramos Vieira ocupa, a meu ver, um lugar de destaque absolutamente merecido. Natural de Lages, cidade que guarda uma das mais ricas tradi\u00e7\u00f5es pol\u00edticas do Sul do Brasil, Laerte foi muito mais do que um parlamentar: foi um tribuno, um jurista, um homem p\u00fablico de rara integridade e cultura.<\/span><\/strong><\/p>\n<p class=\"font-claude-response-body break-words whitespace-normal leading-[1.7]\"><strong><span style=\"font-family: 'comic sans ms', sans-serif; color: #800000;\">Neste artigo, proponho uma reflex\u00e3o sobre a trajet\u00f3ria desse pol\u00edtico que soube honrar suas ra\u00edzes serranas, servir ao seu Estado e contribuir decisivamente para o fortalecimento da democracia brasileira \u2014 especialmente nos anos mais sombrios da ditadura militar. Acredito que conhecer a hist\u00f3ria de Laerte Ramos Vieira \u00e9, sobretudo, compreender o melhor da pol\u00edtica como voca\u00e7\u00e3o e servi\u00e7o.<\/span><\/strong><\/p>\n<hr class=\"border-border-200 border-t-0.5 my-3 mx-1.5\" \/>\n<p class=\"font-claude-response-body break-words whitespace-normal leading-[1.7]\" style=\"text-align: center;\"><span style=\"font-family: 'comic sans ms', sans-serif; color: #000080; font-size: 18pt;\"><strong>Uma Mem\u00f3ria Que Vem da Inf\u00e2ncia<\/strong><\/span><\/p>\n<p><span style=\"font-family: 'comic sans ms', sans-serif; color: #800000;\"><strong><a href=\"https:\/\/repensandoavida.com.br\/blog\/wp-content\/uploads\/2026\/04\/LAERTE-BAR-UM-MENINIO-SERVIDON.png\"><img loading=\"lazy\" decoding=\"async\" class=\"wp-image-4899 alignleft\" src=\"https:\/\/repensandoavida.com.br\/blog\/wp-content\/uploads\/2026\/04\/LAERTE-BAR-UM-MENINIO-SERVIDON-300x193.png\" alt=\"\" width=\"382\" height=\"246\" srcset=\"https:\/\/repensandoavida.com.br\/blog\/wp-content\/uploads\/2026\/04\/LAERTE-BAR-UM-MENINIO-SERVIDON-300x193.png 300w, https:\/\/repensandoavida.com.br\/blog\/wp-content\/uploads\/2026\/04\/LAERTE-BAR-UM-MENINIO-SERVIDON-1024x658.png 1024w, https:\/\/repensandoavida.com.br\/blog\/wp-content\/uploads\/2026\/04\/LAERTE-BAR-UM-MENINIO-SERVIDON-768x493.png 768w, https:\/\/repensandoavida.com.br\/blog\/wp-content\/uploads\/2026\/04\/LAERTE-BAR-UM-MENINIO-SERVIDON-1536x986.png 1536w, https:\/\/repensandoavida.com.br\/blog\/wp-content\/uploads\/2026\/04\/LAERTE-BAR-UM-MENINIO-SERVIDON-700x450.png 700w, https:\/\/repensandoavida.com.br\/blog\/wp-content\/uploads\/2026\/04\/LAERTE-BAR-UM-MENINIO-SERVIDON.png 1565w\" sizes=\"auto, (max-width: 382px) 100vw, 382px\" \/><\/a><\/strong><\/span><\/p>\n<p class=\"font-claude-response-body break-words whitespace-normal leading-[1.7]\"><span style=\"font-family: 'comic sans ms', sans-serif; color: #800000;\">M<strong>eu interesse pela pol\u00edtica n\u00e3o nasceu nas universidades nem nos livros. Nasceu no com\u00e9rcio do meu pai, espa\u00e7o que recebia com frequ\u00eancia ilustres figuras da vida p\u00fablica: os que exerciam ou haviam exercido cargos em nossa cidade, os pol\u00edticos de fora que buscavam apoio para suas campanhas, e os representantes da nossa terra que cumpriam mandatos em Bras\u00edlia ou em Florian\u00f3polis. Ali, entre balc\u00f5es e conversas acaloradas, o debate pol\u00edtico era coisa s\u00e9ria e cotidiana.<\/strong><\/span><\/p>\n<p class=\"font-claude-response-body break-words whitespace-normal leading-[1.7]\"><strong><span style=\"font-family: 'comic sans ms', sans-serif; color: #800000;\">Entre os dez e os dezoito anos, eu ouvia com aten\u00e7\u00e3o aquelas rodas de conversa. E o nome de Laerte Ramos Vieira aparecia sempre \u2014 nos relatos, nos elogios, nas discuss\u00f5es sobre os rumos do pa\u00eds. Aquelas hist\u00f3rias despertaram em mim um gosto genu\u00edno pela pol\u00edtica que jamais me abandonou.<\/span><\/strong><\/p>\n<p class=\"font-claude-response-body break-words whitespace-normal leading-[1.7]\"><strong><span style=\"font-family: 'comic sans ms', sans-serif; color: #800000;\">Foi assim que comecei a acompanhar os noticiosos do r\u00e1dio: a R\u00e1dio Mayrink Veiga, do Rio de Janeiro; a Farroupilha, de Porto Alegre; a Guaruj\u00e1, de Florian\u00f3polis; a Bandeirantes, de S\u00e3o Paulo. E, sobretudo, a R\u00e1dio A Voz do Brasil, que tinha por miss\u00e3o retransmitir em rede nacional, por todas as emissoras brasileiras, os atos da Presid\u00eancia da Rep\u00fablica e do Congresso Nacional. Todas as noites, \u00e0s 19h, de segunda a sexta, eu me postava diante do r\u00e1dio Semp do meu pai para ouvir \u2014 principalmente \u2014 os discursos combativos de Laerte Ramos Vieira na C\u00e2mara Federal. Aquela voz vinda da Serra Catarinense ecoava pela nossa sala como um chamado \u00e0 consci\u00eancia c\u00edvica.<\/span><\/strong><\/p>\n<hr class=\"border-border-200 border-t-0.5 my-3 mx-1.5\" \/>\n<p class=\"font-claude-response-body break-words whitespace-normal leading-[1.7]\" style=\"text-align: center;\"><strong><span style=\"font-family: 'comic sans ms', sans-serif; color: #000080; font-size: 18pt;\">Ra\u00edzes Serranas: Uma Fam\u00edlia de Pol\u00edticos<\/span><\/strong><\/p>\n<p class=\"font-claude-response-body break-words whitespace-normal leading-[1.7]\"><strong><span style=\"font-family: 'comic sans ms', sans-serif; color: #800000;\"><span style=\"font-size: 18pt;\"><em><a style=\"color: #800000;\" href=\"https:\/\/repensandoavida.com.br\/blog\/wp-content\/uploads\/2026\/04\/LAERTE-JOVEM-COLORIDA.png\"><img loading=\"lazy\" decoding=\"async\" class=\"size-medium wp-image-4879 alignright\" src=\"https:\/\/repensandoavida.com.br\/blog\/wp-content\/uploads\/2026\/04\/LAERTE-JOVEM-COLORIDA-188x300.png\" alt=\"\" width=\"188\" height=\"300\" srcset=\"https:\/\/repensandoavida.com.br\/blog\/wp-content\/uploads\/2026\/04\/LAERTE-JOVEM-COLORIDA-188x300.png 188w, https:\/\/repensandoavida.com.br\/blog\/wp-content\/uploads\/2026\/04\/LAERTE-JOVEM-COLORIDA-640x1024.png 640w, https:\/\/repensandoavida.com.br\/blog\/wp-content\/uploads\/2026\/04\/LAERTE-JOVEM-COLORIDA-768x1228.png 768w, https:\/\/repensandoavida.com.br\/blog\/wp-content\/uploads\/2026\/04\/LAERTE-JOVEM-COLORIDA-961x1536.png 961w, https:\/\/repensandoavida.com.br\/blog\/wp-content\/uploads\/2026\/04\/LAERTE-JOVEM-COLORIDA-700x1119.png 700w, https:\/\/repensandoavida.com.br\/blog\/wp-content\/uploads\/2026\/04\/LAERTE-JOVEM-COLORIDA.png 992w\" sizes=\"auto, (max-width: 188px) 100vw, 188px\" \/><\/a><\/em><\/span>Laerte Ramos Vieira nasceu em 29 de mar\u00e7o de 1925, em Lages, Santa Catarina, no seio de uma fam\u00edlia profundamente enraizada na vida p\u00fablica da regi\u00e3o serrana. Filho de \u00c1lvaro Ramos Vieira e de dona Altina Ribeiro Ramos, cresceu em um ambiente onde o engajamento c\u00edvico e o debate pol\u00edtico eram parte natural do cotidiano.<\/span><\/strong><\/p>\n<p class=\"font-claude-response-body break-words whitespace-normal leading-[1.7]\"><strong><span style=\"font-family: 'comic sans ms', sans-serif; color: #800000;\">Sua forma\u00e7\u00e3o escolar teve in\u00edcio no Grupo Escolar Vidal Ramos, em Lages, prosseguiu no Col\u00e9gio Diocesano \u2014 tamb\u00e9m na cidade natal \u2014 e culminou com o curso cient\u00edfico no Col\u00e9gio do Ros\u00e1rio, em Porto Alegre. Essa trajet\u00f3ria educacional revela um jovem determinado, disposto a buscar fora da sua cidade as melhores oportunidades de aprendizado, sem jamais perder o v\u00ednculo com suas origens.<\/span><\/strong><\/p>\n<p class=\"font-claude-response-body break-words whitespace-normal leading-[1.7]\"><strong><span style=\"font-family: 'comic sans ms', sans-serif; color: #800000;\">Casado com Ju\u00e7\u00e1 Therezinha Ribeiro Vieira \u2014 considerada uma das mulheres mais distintas da Serra Catarinense \u2014, Laerte constituiu uma fam\u00edlia numerosa, com seis filhos: Geraldo, Gabriel, Laerte, Guilherme, Maria Regina e Maria Cristina. A estabilidade familiar sempre foi, para ele, o alicerce de uma vida p\u00fablica dedicada com seriedade e prop\u00f3sito.<\/span><\/strong><\/p>\n<hr class=\"border-border-200 border-t-0.5 my-3 mx-1.5\" \/>\n<p class=\"font-claude-response-body break-words whitespace-normal leading-[1.7]\" style=\"text-align: center;\"><strong><span style=\"font-family: 'comic sans ms', sans-serif; color: #000080; font-size: 18pt;\">Forma\u00e7\u00e3o Acad\u00eamica e Intelectual de Exce\u00e7\u00e3o<\/span><\/strong><\/p>\n<p class=\"font-claude-response-body break-words whitespace-normal leading-[1.7]\"><strong><span style=\"font-family: 'comic sans ms', sans-serif; color: #800000;\">Poucos parlamentares de sua gera\u00e7\u00e3o reuniram uma forma\u00e7\u00e3o acad\u00eamica t\u00e3o s\u00f3lida e diversificada quanto Laerte Ramos Vieira. Bacharel em Ci\u00eancias Cont\u00e1beis e Atuariais pela Universidade do Rio Grande do Sul (atual UFRGS), em 1949, aprofundou seus estudos ao obter o t\u00edtulo de Bacharel em Ci\u00eancias Jur\u00eddicas e Sociais pela Faculdade de Direito da Universidade de Santa Catarina (atual UFSC), em 1956.<\/span><\/strong><\/p>\n<p class=\"font-claude-response-body break-words whitespace-normal leading-[1.7]\"><strong><span style=\"font-family: 'comic sans ms', sans-serif; color: #800000;\">Essa dupla forma\u00e7\u00e3o \u2014 em Economia e em Direito \u2014 conferiu-lhe uma rara capacidade anal\u00edtica e argumentativa, que se tornaria sua maior arma no plen\u00e1rio da C\u00e2mara dos Deputados. A cultura jur\u00eddica apurada, aliada \u00e0 compreens\u00e3o econ\u00f4mica do pa\u00eds, fazia de Laerte um debatedor tem\u00edvel e um legislador rigoroso.<\/span><\/strong><\/p>\n<p class=\"font-claude-response-body break-words whitespace-normal leading-[1.7]\"><strong><span style=\"font-family: 'comic sans ms', sans-serif; color: #800000;\">Em 1948, ainda estudante, presidiu o Centro dos Estudantes Universit\u00e1rios de Ci\u00eancias Econ\u00f4micas (CEUCE), em Porto Alegre, revelando desde cedo sua voca\u00e7\u00e3o para a lideran\u00e7a e a organiza\u00e7\u00e3o pol\u00edtica. Tamb\u00e9m atuou como Oficial da Reserva do Ex\u00e9rcito Brasileiro (1944) e funcion\u00e1rio da Secretaria de Via\u00e7\u00e3o e Obras P\u00fablicas de Porto Alegre (1945\u20131949), experi\u00eancias que ampliaram sua vis\u00e3o sobre o funcionamento do Estado.<\/span><\/strong><\/p>\n<hr class=\"border-border-200 border-t-0.5 my-3 mx-1.5\" \/>\n<p class=\"font-claude-response-body break-words whitespace-normal leading-[1.7]\" style=\"text-align: center;\"><strong><span style=\"font-family: 'comic sans ms', sans-serif; color: #0000ff; font-size: 18pt;\">Uma Carreira P\u00fablica Constru\u00edda com M\u00e9rito<\/span><\/strong><\/p>\n<p class=\"font-claude-response-body break-words whitespace-normal leading-[1.7]\"><strong><span style=\"font-family: 'comic sans ms', sans-serif; color: #800000;\">A trajet\u00f3ria pol\u00edtica de Laerte Ramos Vieira \u00e9 longa, densa e marcada por conquistas em diferentes esferas de poder. Iniciou-se como vereador \u00e0 C\u00e2mara Municipal de Lages na legislatura de 1950 a 1954, construindo as bases de uma carreira que o levaria, anos depois, aos mais altos postos da Rep\u00fablica.<\/span><\/strong><\/p>\n<p class=\"font-claude-response-body break-words whitespace-normal leading-[1.7]\"><strong><span style=\"font-family: 'comic sans ms', sans-serif; color: #800000;\">Eleito deputado estadual \u00e0 Assembleia Legislativa de Santa Catarina em duas legislaturas (1955\u20131959 e 1959\u20131963), destacou-se como lideran\u00e7a da UDN e, posteriormente, como voz afinada com o pensamento democr\u00e1tico que resistia ao autoritarismo. Nesse per\u00edodo, exerceu cargos de grande responsabilidade no governo estadual: Secret\u00e1rio do Interior e Justi\u00e7a, Secret\u00e1rio da Fazenda (de 30 de junho de 1960 a 30 de janeiro de 1961) e Secret\u00e1rio da Seguran\u00e7a P\u00fablica (1960\u20131962).<\/span><\/strong><\/p>\n<p class=\"font-claude-response-body break-words whitespace-normal leading-[1.7]\"><strong><span style=\"font-family: 'comic sans ms', sans-serif; color: #800000;\">Eleito deputado federal por tr\u00eas legislaturas \u2014 1963\/1967, 1971\/1975 e 1975\/1979 \u2014, Laerte consolidou sua imagem como um dos parlamentares mais atuantes da C\u00e2mara dos Deputados. Nos anos da ditadura militar, filiado ao MDB (Movimento Democr\u00e1tico Brasileiro), posicionou-se na ala aut\u00eantica do partido \u2014 a chamada ala de centro-esquerda \u2014 tornando-se uma das vozes mais combativas da oposi\u00e7\u00e3o durante os chamados &#8220;anos de chumbo&#8221;.<\/span><\/strong><\/p>\n<hr class=\"border-border-200 border-t-0.5 my-3 mx-1.5\" \/>\n<p class=\"font-claude-response-body break-words whitespace-normal leading-[1.7]\" style=\"text-align: center;\"><strong><span style=\"font-family: 'comic sans ms', sans-serif; color: #0000ff; font-size: 18pt;\">Contribui\u00e7\u00f5es Legislativas que Marcaram o Brasil<\/span><\/strong><\/p>\n<p class=\"font-claude-response-body break-words whitespace-normal leading-[1.7]\"><strong><span style=\"font-family: 'comic sans ms', sans-serif; color: #800000;\"><a href=\"https:\/\/repensandoavida.com.br\/blog\/wp-content\/uploads\/2026\/04\/LAERTE-RAMOS-PROJETO-DE-LEI.png\"><img loading=\"lazy\" decoding=\"async\" class=\"size-medium wp-image-4907 alignleft\" src=\"https:\/\/repensandoavida.com.br\/blog\/wp-content\/uploads\/2026\/04\/LAERTE-RAMOS-PROJETO-DE-LEI-240x300.png\" alt=\"\" width=\"240\" height=\"300\" srcset=\"https:\/\/repensandoavida.com.br\/blog\/wp-content\/uploads\/2026\/04\/LAERTE-RAMOS-PROJETO-DE-LEI-240x300.png 240w, https:\/\/repensandoavida.com.br\/blog\/wp-content\/uploads\/2026\/04\/LAERTE-RAMOS-PROJETO-DE-LEI-819x1024.png 819w, https:\/\/repensandoavida.com.br\/blog\/wp-content\/uploads\/2026\/04\/LAERTE-RAMOS-PROJETO-DE-LEI-768x960.png 768w, https:\/\/repensandoavida.com.br\/blog\/wp-content\/uploads\/2026\/04\/LAERTE-RAMOS-PROJETO-DE-LEI-700x875.png 700w, https:\/\/repensandoavida.com.br\/blog\/wp-content\/uploads\/2026\/04\/LAERTE-RAMOS-PROJETO-DE-LEI.png 1122w\" sizes=\"auto, (max-width: 240px) 100vw, 240px\" \/><\/a>A grandeza de Laerte Ramos Vieira n\u00e3o se media apenas pela eloqu\u00eancia na tribuna, mas tamb\u00e9m pela consist\u00eancia do trabalho legislativo. Foi relator do Projeto de Cria\u00e7\u00e3o do Tribunal de Contas do Estado de Santa Catarina (TCE-SC), em 1955, no governo de Irineu Bornhausen \u2014 uma das mais importantes obras de controle p\u00fablico do Estado, cujos efeitos positivos para a transpar\u00eancia e fiscaliza\u00e7\u00e3o da administra\u00e7\u00e3o p\u00fablica catarinense se fazem sentir at\u00e9 hoje. <span class=\"inline-flex\" data-state=\"closed\"><a class=\"group\/tag relative h-[18px] rounded-full inline-flex items-center overflow-hidden -translate-y-px cursor-pointer\" style=\"color: #800000;\" href=\"https:\/\/memoriapolitica.alesc.sc.gov.br\/biografia\/596-Laerte_Vieira\" target=\"_blank\" rel=\"noopener\"><span class=\"relative transition-colors h-full max-w-[180px] overflow-hidden px-1.5 inline-flex items-center font-small rounded-full border-0.5 border-border-300 bg-bg-200 group-hover\/tag:bg-accent-900 group-hover\/tag:border-accent-100\/60\"><span class=\"text-nowrap text-text-300 break-all truncate font-normal group-hover\/tag:text-text-200\">Alesc<\/span><\/span><\/a><\/span><\/span><\/strong><\/p>\n<p class=\"font-claude-response-body break-words whitespace-normal leading-[1.7]\"><strong><span style=\"font-family: 'comic sans ms', sans-serif; color: #800000;\">Na C\u00e2mara dos Deputados, integrou a Comiss\u00e3o Especial de revis\u00e3o e atualiza\u00e7\u00e3o da legisla\u00e7\u00e3o sobre direitos autorais (1971) e o Grupo de Trabalho para moderniza\u00e7\u00e3o do Regimento Interno e Reforma do Processo Legislativo (1971), al\u00e9m de ser membro da comiss\u00e3o encarregada de elaborar projetos de lei complementares \u00e0 Constitui\u00e7\u00e3o (1972). Essas contribui\u00e7\u00f5es, menos vis\u00edveis ao grande p\u00fablico mas fundamentais para o funcionamento do Estado, revelam um parlamentar que compreendia a pol\u00edtica como constru\u00e7\u00e3o paciente e t\u00e9cnica \u2014 e n\u00e3o apenas como confronto ret\u00f3rico. <span class=\"inline-flex\" data-state=\"closed\"><a class=\"group\/tag relative h-[18px] rounded-full inline-flex items-center overflow-hidden -translate-y-px cursor-pointer\" style=\"color: #800000;\" href=\"https:\/\/www.camara.leg.br\/deputados\/131582\/biografia\" target=\"_blank\" rel=\"noopener\"><span class=\"relative transition-colors h-full max-w-[180px] overflow-hidden px-1.5 inline-flex items-center font-small rounded-full border-0.5 border-border-300 bg-bg-200 group-hover\/tag:bg-accent-900 group-hover\/tag:border-accent-100\/60\"><span class=\"text-nowrap text-text-300 break-all truncate font-normal group-hover\/tag:text-text-200\">C\u00e2mara dos Deputados<\/span><\/span><\/a><\/span><\/span><\/strong><\/p>\n<p class=\"font-claude-response-body break-words whitespace-normal leading-[1.7]\"><strong><span style=\"font-family: 'comic sans ms', sans-serif; color: #800000;\">Participou ativamente das Comiss\u00f5es Mistas do Congresso Nacional em mat\u00e9rias de grande alcance social, entre elas o Programa de Assist\u00eancia ao Trabalhador Rural (PLC 1\/71) e as normas sobre organiza\u00e7\u00e3o e funcionamento dos partidos pol\u00edticos nacionais. Foram iniciativas que tocavam diretamente na vida dos mais vulner\u00e1veis e na estrutura democr\u00e1tica do pa\u00eds \u2014 pautas que, nos anos de chumbo, exigiam coragem para defender.<\/span><\/strong><\/p>\n<p class=\"font-claude-response-body break-words whitespace-normal leading-[1.7]\"><strong><span style=\"font-family: 'comic sans ms', sans-serif; color: #800000;\">Sua participa\u00e7\u00e3o como membro titular da Comiss\u00e3o Afonso Arinos de Estudos Constitucionais (1986) foi o coroamento de d\u00e9cadas de comprometimento com o Estado de Direito. Ali, ao lado dos maiores juristas e pol\u00edticos do pa\u00eds, ajudou a lan\u00e7ar as bases do que viria a ser a Constitui\u00e7\u00e3o de 1988 \u2014 a Constitui\u00e7\u00e3o Cidad\u00e3.<\/span><\/strong><\/p>\n<hr class=\"border-border-200 border-t-0.5 my-3 mx-1.5\" \/>\n<p class=\"font-claude-response-body break-words whitespace-normal leading-[1.7]\" style=\"text-align: center;\"><strong><span style=\"font-family: 'comic sans ms', sans-serif; color: #0000ff; font-size: 18pt;\">O Orador que o Brasil Parava para Ouvir<\/span><\/strong><\/p>\n<p class=\"font-claude-response-body break-words whitespace-normal leading-[1.7]\"><strong><span style=\"font-family: 'comic sans ms', sans-serif; color: #800000;\"><a href=\"https:\/\/repensandoavida.com.br\/blog\/wp-content\/uploads\/2026\/04\/LAERTE-DISCURSANDO-NA-TRIBUNA-1.png\"><img loading=\"lazy\" decoding=\"async\" class=\"size-medium wp-image-4898 alignright\" src=\"https:\/\/repensandoavida.com.br\/blog\/wp-content\/uploads\/2026\/04\/LAERTE-DISCURSANDO-NA-TRIBUNA-1-240x300.png\" alt=\"\" width=\"240\" height=\"300\" srcset=\"https:\/\/repensandoavida.com.br\/blog\/wp-content\/uploads\/2026\/04\/LAERTE-DISCURSANDO-NA-TRIBUNA-1-240x300.png 240w, https:\/\/repensandoavida.com.br\/blog\/wp-content\/uploads\/2026\/04\/LAERTE-DISCURSANDO-NA-TRIBUNA-1-819x1024.png 819w, https:\/\/repensandoavida.com.br\/blog\/wp-content\/uploads\/2026\/04\/LAERTE-DISCURSANDO-NA-TRIBUNA-1-768x960.png 768w, https:\/\/repensandoavida.com.br\/blog\/wp-content\/uploads\/2026\/04\/LAERTE-DISCURSANDO-NA-TRIBUNA-1-700x875.png 700w, https:\/\/repensandoavida.com.br\/blog\/wp-content\/uploads\/2026\/04\/LAERTE-DISCURSANDO-NA-TRIBUNA-1.png 1122w\" sizes=\"auto, (max-width: 240px) 100vw, 240px\" \/><\/a>Se h\u00e1 uma qualidade que define Laerte Ramos Vieira acima de todas as outras, essa qualidade \u00e9 a orat\u00f3ria. Dotado de uma palavra brilhante, vibrante e combativa, ele sabia como poucos dominar o plen\u00e1rio e convencer a plateia. Sua capacidade de argumentar com clareza, paix\u00e3o e profundidade era reconhecida por advers\u00e1rios e aliados igualmente.<\/span><\/strong><\/p>\n<p class=\"font-claude-response-body break-words whitespace-normal leading-[1.7]\"><strong><span style=\"font-family: 'comic sans ms', sans-serif; color: #800000;\">Nos anos em que a R\u00e1dio A Voz do Brasil transmitia os debates da C\u00e2mara para todo o territ\u00f3rio nacional, a voz de Laerte ecoava com for\u00e7a nas casas, nos bares, nas pra\u00e7as de regi\u00f5es distantes dos grandes centros urbanos. Quando ele subia \u00e0 tribuna, sabia-se que algo importante seria dito \u2014 e dito com garra. Para uma gera\u00e7\u00e3o que tinha no r\u00e1dio seu principal meio de informa\u00e7\u00e3o, Laerte Ramos Vieira era sin\u00f4nimo de coragem e eloqu\u00eancia.<\/span><\/strong><\/p>\n<p class=\"font-claude-response-body break-words whitespace-normal leading-[1.7]\"><strong><span style=\"font-family: 'comic sans ms', sans-serif; color: #800000;\">O Departamento de Taquigrafia da C\u00e2mara dos Deputados registrou seus pronunciamentos entre os debates hist\u00f3ricos do parlamento brasileiro \u2014 testemunho de que sua palavra deixou marcas que o tempo n\u00e3o apagou. Quem o ouviu recorda a firmeza com que defendia que <em>a oposi\u00e7\u00e3o n\u00e3o era obst\u00e1culo \u00e0 governan\u00e7a, mas a pr\u00f3pria garantia de que a democracia respirava<\/em> \u2014 posi\u00e7\u00e3o que, nos anos de chumbo, soava como ato de bravura. Dizia, com convic\u00e7\u00e3o, <\/span><span style=\"color: #800080;\"><em><span style=\"font-family: 'comic sans ms', sans-serif;\"><span style=\"color: #0000ff;\">que <\/span><\/span><span style=\"color: #0000ff;\"><span style=\"font-family: 'comic sans ms', sans-serif;\">o sil\u00eancio do parlamentar diante da injusti\u00e7a \u00e9 cumplicidade com o poder que oprime<\/span><span style=\"font-family: 'comic sans ms', sans-serif;\"> \u2014<\/span><\/span><\/em><\/span><span style=\"font-family: 'comic sans ms', sans-serif; color: #800000;\"> frase que sintetizava a postura de toda a ala aut\u00eantica do MDB.<\/span><\/strong><\/p>\n<p class=\"font-claude-response-body break-words whitespace-normal leading-[1.7]\"><strong><span style=\"font-family: 'comic sans ms', sans-serif; color: #800000;\">Essa capacidade orat\u00f3ria n\u00e3o era um dom isolado: era sustentada por uma cultura human\u00edstica ampla, por um profundo conhecimento jur\u00eddico e por uma genu\u00edna convic\u00e7\u00e3o democr\u00e1tica. Laerte falava bem porque pensava com clareza e acreditava naquilo que defendia.<\/span><\/strong><\/p>\n<hr class=\"border-border-200 border-t-0.5 my-3 mx-1.5\" \/>\n<p class=\"font-claude-response-body break-words whitespace-normal leading-[1.7]\" style=\"text-align: center;\"><strong><span style=\"font-family: 'comic sans ms', sans-serif; color: #0000ff; font-size: 18pt;\">Lideran\u00e7a Nacional e Rela\u00e7\u00f5es com os Grandes da Pol\u00edtica<\/span><\/strong><\/p>\n<p class=\"font-claude-response-body break-words whitespace-normal leading-[1.7]\"><strong><span style=\"font-family: 'comic sans ms', sans-serif; color: #800000;\"><span style=\"font-family: 'comic sans ms', sans-serif; font-size: 18pt; color: #000080;\"><em><a href=\"https:\/\/repensandoavida.com.br\/blog\/wp-content\/uploads\/2026\/04\/LAERTE-ULYSSES-MONTORO.png\"><img loading=\"lazy\" decoding=\"async\" class=\"size-medium wp-image-4911 alignleft\" src=\"https:\/\/repensandoavida.com.br\/blog\/wp-content\/uploads\/2026\/04\/LAERTE-ULYSSES-MONTORO-300x300.png\" alt=\"\" width=\"300\" height=\"300\" srcset=\"https:\/\/repensandoavida.com.br\/blog\/wp-content\/uploads\/2026\/04\/LAERTE-ULYSSES-MONTORO-300x300.png 300w, https:\/\/repensandoavida.com.br\/blog\/wp-content\/uploads\/2026\/04\/LAERTE-ULYSSES-MONTORO-1024x1024.png 1024w, https:\/\/repensandoavida.com.br\/blog\/wp-content\/uploads\/2026\/04\/LAERTE-ULYSSES-MONTORO-150x150.png 150w, https:\/\/repensandoavida.com.br\/blog\/wp-content\/uploads\/2026\/04\/LAERTE-ULYSSES-MONTORO-768x768.png 768w, https:\/\/repensandoavida.com.br\/blog\/wp-content\/uploads\/2026\/04\/LAERTE-ULYSSES-MONTORO-570x570.png 570w, https:\/\/repensandoavida.com.br\/blog\/wp-content\/uploads\/2026\/04\/LAERTE-ULYSSES-MONTORO-500x500.png 500w, https:\/\/repensandoavida.com.br\/blog\/wp-content\/uploads\/2026\/04\/LAERTE-ULYSSES-MONTORO-1000x1000.png 1000w, https:\/\/repensandoavida.com.br\/blog\/wp-content\/uploads\/2026\/04\/LAERTE-ULYSSES-MONTORO-700x700.png 700w, https:\/\/repensandoavida.com.br\/blog\/wp-content\/uploads\/2026\/04\/LAERTE-ULYSSES-MONTORO.png 1254w\" sizes=\"auto, (max-width: 300px) 100vw, 300px\" \/><\/a><\/em><\/span><\/span><\/strong><\/p>\n<p>&nbsp;<\/p>\n<p class=\"font-claude-response-body break-words whitespace-normal leading-[1.7]\"><strong><span style=\"font-family: 'comic sans ms', sans-serif; color: #800000;\">A proje\u00e7\u00e3o de Laerte Ramos Vieira extrapolou as fronteiras de Santa Catarina. Como l\u00edder do PMDB na C\u00e2mara dos Deputados (1975\/1976 e 1977), conviveu e dialogou com as maiores lideran\u00e7as da oposi\u00e7\u00e3o nacional. Entre seus pares estavam figuras hist\u00f3ricas como o senador Franco Montoro \u2014 l\u00edder do MDB no Senado \u2014, o deputado Ulysses Guimar\u00e3es \u2014 presidente do MDB e futuro presidente da Assembleia Nacional Constituinte \u2014, e o senador Roberto Saturnino, vice-l\u00edder do partido.<\/span><\/strong><\/p>\n<p class=\"font-claude-response-body break-words whitespace-normal leading-[1.7]\"><strong><span style=\"font-family: 'comic sans ms', sans-serif; color: #800000;\">Essa conviv\u00eancia com o alto comando da oposi\u00e7\u00e3o nacional conferia a Laerte uma posi\u00e7\u00e3o singular: ele n\u00e3o era apenas um representante regional, mas um interlocutor respeitado no debate pol\u00edtico em escala nacional. Sua empatia, cultura e capacidade de construir pontes entre diferentes lideran\u00e7as \u2014 municipais, estaduais e federais \u2014 faziam dele uma figura de rara habilidade pol\u00edtica. Tamb\u00e9m disputou o cargo de vice-governador de Santa Catarina pela chapa encabe\u00e7ada por Ant\u00f4nio Konder Reis, demonstrando o alcance de seu prest\u00edgio e sua inser\u00e7\u00e3o nas mais altas esferas da pol\u00edtica catarinense.<\/span><\/strong><\/p>\n<hr class=\"border-border-200 border-t-0.5 my-3 mx-1.5\" \/>\n<p class=\"font-claude-response-body break-words whitespace-normal leading-[1.7]\" style=\"text-align: center;\"><strong><span style=\"font-family: 'comic sans ms', sans-serif; color: #0000ff; font-size: 18pt;\">Reconhecimento Internacional e Distin\u00e7\u00f5es Honrosas<\/span><\/strong><\/p>\n<p class=\"font-claude-response-body break-words whitespace-normal leading-[1.7]\"><strong><span style=\"font-family: 'comic sans ms', sans-serif; color: #800000;\">A relev\u00e2ncia de Laerte Ramos Vieira foi reconhecida tamb\u00e9m al\u00e9m das fronteiras do Brasil. <span style=\"color: #0000ff;\">Delegado \u00e0 XXIX Assembleia Geral das Na\u00e7\u00f5es Unidas, representou o pa\u00eds em um dos mais importantes f\u00f3runs internacionais<\/span>. Visitou ainda a S\u00edria a convite do governo daquele pa\u00eds, e integrou a Confer\u00eancia Interparlamentar Europeia na Bulg\u00e1ria (1971) e a Confer\u00eancia Latino-Americana da OEA, em Caracas (1976) \u2014 refor\u00e7ando seu prest\u00edgio como estadista com vis\u00e3o global.<\/span><\/strong><\/p>\n<p class=\"font-claude-response-body break-words whitespace-normal leading-[1.7]\"><strong><span style=\"font-family: 'comic sans ms', sans-serif; color: #800000;\">Suas contribui\u00e7\u00f5es foram reconhecidas com distin\u00e7\u00f5es de alto valor institucional: recebeu a honraria de <span style=\"color: #0000ff;\">Grande Oficial da Ordem do M\u00e9rito do Congresso Nacional,<\/span> <\/span><span style=\"font-family: 'comic sans ms', sans-serif; color: #0000ff;\">o t\u00edtulo de Cavaleiro da Ordem do M\u00e9rito Naval e a Medalha do Sesquicenten\u00e1rio do Senado Federal<\/span><span style=\"font-family: 'comic sans ms', sans-serif; color: #800000;\">. Condecora\u00e7\u00f5es que atestam o respeito conquistado ao longo de d\u00e9cadas de vida p\u00fablica.<\/span><\/strong><\/p>\n<hr class=\"border-border-200 border-t-0.5 my-3 mx-1.5\" \/>\n<p class=\"font-claude-response-body break-words whitespace-normal leading-[1.7]\" style=\"text-align: center;\"><strong><span style=\"font-family: 'comic sans ms', sans-serif; color: #0000ff; font-size: 18pt;\">O Jurista e o Servidor P\u00fablico<\/span><\/strong><\/p>\n<p class=\"font-claude-response-body break-words whitespace-normal leading-[1.7]\"><strong><span style=\"font-family: 'comic sans ms', sans-serif; color: #800000;\">Ap\u00f3s o per\u00edodo de redemocratiza\u00e7\u00e3o, Laerte retornou ao Estado para continuar servindo no campo do Direito e da administra\u00e7\u00e3o p\u00fablica. Foi Consultor-Geral do Estado de Santa Catarina (1980\u20131983) e Procurador-Geral da Fazenda junto ao Tribunal de Contas (1983\u20131984), demonstrando que sua capacidade de contribui\u00e7\u00e3o n\u00e3o se esgotava no mandato parlamentar.<\/span><\/strong><\/p>\n<p class=\"font-claude-response-body break-words whitespace-normal leading-[1.7]\"><strong><span style=\"font-family: 'comic sans ms', sans-serif; color: #800000;\">Participou ainda da hist\u00f3rica <span style=\"color: #0000ff;\">Comiss\u00e3o Afonso Arinos de Estudos Constitucionais (1986),<\/span> <span style=\"color: #0000ff;\">que preparou os alicerces da Constitui\u00e7\u00e3o de 1988 \u2014<\/span> a &#8220;Constitui\u00e7\u00e3o Cidad\u00e3&#8221;. Foi tamb\u00e9m <span style=\"color: #0000ff;\">membro da Comiss\u00e3o de Constitui\u00e7\u00e3o e Justi\u00e7a da C\u00e2mara dos Deputados<\/span> \u2014 considerada a mais importante comiss\u00e3o permanente da Casa \u2014 e da <span style=\"color: #0000ff;\">Comiss\u00e3o de Economia, Ind\u00fastria e Com\u00e9rcio. Advogou junto aos Tribunais Superiores de Bras\u00edlia (1968\/1973 e 1979), consolidando uma carreira jur\u00eddica de prest\u00edgio.<\/span><\/span><\/strong><\/p>\n<hr class=\"border-border-200 border-t-0.5 my-3 mx-1.5\" \/>\n<p class=\"font-claude-response-body break-words whitespace-normal leading-[1.7]\" style=\"text-align: center;\"><strong><span style=\"font-family: 'comic sans ms', sans-serif; color: #0000ff; font-size: 18pt;\">O Gentleman do Senadinho da Figueira<\/span><\/strong><\/p>\n<p class=\"font-claude-response-body break-words whitespace-normal leading-[1.7]\"><strong><span style=\"font-family: 'comic sans ms', sans-serif; color: #800000;\">H\u00e1 uma imagem que considero especialmente tocante e reveladora do car\u00e1ter de Laerte Ramos Vieira: j\u00e1 aposentado, frequentava habitualmente o chamado &#8220;Senadinho da Figueira&#8221;, na Pra\u00e7a XV de Novembro, e outros pontos de encontro do centro de Florian\u00f3polis. Ali, cercado de pessoas de diferentes origens e hist\u00f3rias, conversava atentamente com todos, sem distin\u00e7\u00e3o. Um gentleman que jamais se isolou em torres de marfim ou em c\u00edrculos exclusivos \u2014 e que mantinha a escuta ativa, a curiosidade intelectual e a empatia humana que o distinguiram ao longo de toda a vida.<\/span><\/strong><\/p>\n<hr class=\"border-border-200 border-t-0.5 my-3 mx-1.5\" \/>\n<p class=\"font-claude-response-body break-words whitespace-normal leading-[1.7]\" style=\"text-align: center;\"><strong><span style=\"font-family: 'comic sans ms', sans-serif; color: #0000ff; font-size: 18pt;\">Conclus\u00e3o<\/span><\/strong><\/p>\n<p class=\"font-claude-response-body break-words whitespace-normal leading-[1.7]\"><strong><span style=\"font-family: 'comic sans ms', sans-serif; color: #800000;\">Ao revisitar a trajet\u00f3ria de Laerte Ramos Vieira, confirmo minha convic\u00e7\u00e3o de que estamos diante de uma das figuras mais completas que a pol\u00edtica catarinense produziu no s\u00e9culo XX. Homem de forma\u00e7\u00e3o s\u00f3lida, palavra eloquente, convic\u00e7\u00e3o democr\u00e1tica inabal\u00e1vel e rara habilidade para construir rela\u00e7\u00f5es humanas e pol\u00edticas duradouras, Laerte soube honrar suas origens serranas sem jamais se limitar a elas.<\/span><\/strong><\/p>\n<p class=\"font-claude-response-body break-words whitespace-normal leading-[1.7]\"><strong><span style=\"font-family: 'comic sans ms', sans-serif; color: #800000;\">Sua trajet\u00f3ria \u2014 <span style=\"color: #0000ff;\">que vai da verean\u00e7a em Lages \u00e0 representa\u00e7\u00e3o do Brasil nas Na\u00e7\u00f5es Unidas, passando pela relatoria do TCE-SC, pela lideran\u00e7a da oposi\u00e7\u00e3o nos anos de chumbo e pela constru\u00e7\u00e3o da Constitui\u00e7\u00e3o Cidad\u00e3<\/span> \u2014 \u00e9 um exemplo luminoso de como a pol\u00edtica, quando exercida com seriedade e voca\u00e7\u00e3o, pode transformar vidas e construir um pa\u00eds melhor.<\/span><\/strong><\/p>\n<p class=\"font-claude-response-body break-words whitespace-normal leading-[1.7]\"><strong><span style=\"font-family: 'comic sans ms', sans-serif; color: #800000;\">Entendo que figuras como Laerte Ramos Vieira precisam ser lembradas, estudadas e celebradas. N\u00e3o por nostalgia, mas porque sua hist\u00f3ria nos ensina que \u00e9 poss\u00edvel fazer pol\u00edtica com grandeza, integridade e humanidade. Para mim, essa convic\u00e7\u00e3o come\u00e7ou a se formar numa noite qualquer, diante do r\u00e1dio Semp do meu pai \u2014 e jamais me abandonou.<\/span><\/strong><\/p>\n<p>&nbsp;<\/p>\n<p style=\"text-align: center;\"><strong><span style=\"font-family: 'comic sans ms', sans-serif; color: #0000ff;\">Autor: Walmor Tadeu Schweitzer<\/span><\/strong><\/p>\n<p style=\"text-align: center;\"><strong><span style=\"font-family: 'comic sans ms', sans-serif; color: #0000ff;\">Contato: walmor1953@gmail.com<\/span><\/strong><\/p>\n<hr class=\"border-border-200 border-t-0.5 my-3 mx-1.5\" \/>\n<p class=\"font-claude-response-body break-words whitespace-normal leading-[1.7]\"><strong><span style=\"font-size: 18pt; font-family: 'comic sans ms', sans-serif; color: #0000ff;\">Fontes:<\/span><\/strong><\/p>\n<p class=\"font-claude-response-body break-words whitespace-normal leading-[1.7]\"><strong><span style=\"font-family: 'comic sans ms', sans-serif; color: #800000;\">BRASIL. C\u00e2mara dos Deputados. <em>Laerte Ramos Vieira \u2014 Ficha Parlamentar e Comiss\u00f5es<\/em>. Dispon\u00edvel em: <a class=\"underline underline underline-offset-2 decoration-1 decoration-current\/40 hover:decoration-current focus:decoration-current\" style=\"color: #800000;\" href=\"https:\/\/www.camara.leg.br\">https:\/\/www.camara.leg.br<\/a>. Acesso em: abr. 2026.<\/span><\/strong><\/p>\n<p class=\"font-claude-response-body break-words whitespace-normal leading-[1.7]\"><strong><span style=\"font-family: 'comic sans ms', sans-serif; color: #800000;\">CABRAL, Oswaldo Rodrigues. <em>Hist\u00f3ria de Santa Catarina<\/em>. 4. ed. Florian\u00f3polis: Lunardelli, 1994.<\/span><\/strong><\/p>\n<p class=\"font-claude-response-body break-words whitespace-normal leading-[1.7]\"><strong><span style=\"font-family: 'comic sans ms', sans-serif; color: #800000;\">DICION\u00c1RIO HIST\u00d3RICO-BIOGR\u00c1FICO BRASILEIRO. Rio de Janeiro: FGV\/CPDOC, 2001. (Verbete: Laerte Ramos Vieira).<\/span><\/strong><\/p>\n<p class=\"font-claude-response-body break-words whitespace-normal leading-[1.7]\"><strong><span style=\"font-family: 'comic sans ms', sans-serif; color: #800000;\">MEM\u00d3RIA POL\u00cdTICA DE SANTA CATARINA. <em>Biografia Laerte Vieira<\/em>. Dispon\u00edvel em: <a class=\"underline underline underline-offset-2 decoration-1 decoration-current\/40 hover:decoration-current focus:decoration-current\" style=\"color: #800000;\" href=\"https:\/\/memoriapolitica.alesc.sc.gov.br\">https:\/\/memoriapolitica.alesc.sc.gov.br<\/a>. Acesso em: abr. 2026.<\/span><\/strong><\/p>\n<p class=\"font-claude-response-body break-words whitespace-normal leading-[1.7]\"><strong><span style=\"font-family: 'comic sans ms', sans-serif; color: #800000;\">SCHNEIDER, Ism\u00eania Ribeiro. <em>Rela\u00e7\u00f5es entre as Fam\u00edlias Ramos, Souza, Vieira e Ribeiro<\/em>. Documento de pesquisa geneal\u00f3gica. Florian\u00f3polis, s.d.<\/span><\/strong><\/p>\n<p><strong><span style=\"font-family: 'comic sans ms', sans-serif; color: #800000;\">MEM\u00d3RIAS DO AUTOR<\/span><\/strong><\/p>\n<p>&nbsp;<\/p>\n<p>&nbsp;<\/p>\n<p>&nbsp;<\/p>\n","protected":false},"excerpt":{"rendered":"<p>Um tribuno serrano que fez hist\u00f3ria na pol\u00edtica brasileira Quando me debru\u00e7o sobre a hist\u00f3ria pol\u00edtica de Santa Catarina, encontro figuras que, por sua capacidade, coragem e vis\u00e3o, transcenderam os limites do Estado e deixaram marcas indel\u00e9veis na vida p\u00fablica nacional. Entre essas figuras, Laerte&#8230;<\/p>\n","protected":false},"author":2,"featured_media":4900,"comment_status":"open","ping_status":"open","sticky":false,"template":"","format":"standard","meta":{"footnotes":""},"categories":[1,13,12,7],"tags":[],"class_list":["post-4873","post","type-post","status-publish","format-standard","has-post-thumbnail","hentry","category-blog","category-destaque","category-historia","category-politica"],"_links":{"self":[{"href":"https:\/\/repensandoavida.com.br\/blog\/wp-json\/wp\/v2\/posts\/4873","targetHints":{"allow":["GET"]}}],"collection":[{"href":"https:\/\/repensandoavida.com.br\/blog\/wp-json\/wp\/v2\/posts"}],"about":[{"href":"https:\/\/repensandoavida.com.br\/blog\/wp-json\/wp\/v2\/types\/post"}],"author":[{"embeddable":true,"href":"https:\/\/repensandoavida.com.br\/blog\/wp-json\/wp\/v2\/users\/2"}],"replies":[{"embeddable":true,"href":"https:\/\/repensandoavida.com.br\/blog\/wp-json\/wp\/v2\/comments?post=4873"}],"version-history":[{"count":18,"href":"https:\/\/repensandoavida.com.br\/blog\/wp-json\/wp\/v2\/posts\/4873\/revisions"}],"predecessor-version":[{"id":4917,"href":"https:\/\/repensandoavida.com.br\/blog\/wp-json\/wp\/v2\/posts\/4873\/revisions\/4917"}],"wp:featuredmedia":[{"embeddable":true,"href":"https:\/\/repensandoavida.com.br\/blog\/wp-json\/wp\/v2\/media\/4900"}],"wp:attachment":[{"href":"https:\/\/repensandoavida.com.br\/blog\/wp-json\/wp\/v2\/media?parent=4873"}],"wp:term":[{"taxonomy":"category","embeddable":true,"href":"https:\/\/repensandoavida.com.br\/blog\/wp-json\/wp\/v2\/categories?post=4873"},{"taxonomy":"post_tag","embeddable":true,"href":"https:\/\/repensandoavida.com.br\/blog\/wp-json\/wp\/v2\/tags?post=4873"}],"curies":[{"name":"wp","href":"https:\/\/api.w.org\/{rel}","templated":true}]}}