{"id":4887,"date":"2026-04-28T16:28:21","date_gmt":"2026-04-28T19:28:21","guid":{"rendered":"https:\/\/repensandoavida.com.br\/blog\/?p=4887"},"modified":"2026-04-28T18:36:09","modified_gmt":"2026-04-28T21:36:09","slug":"licoes-do-lageano-laerte-ramos-vieira-para-o-brasil-de-hoje","status":"publish","type":"post","link":"https:\/\/repensandoavida.com.br\/blog\/licoes-do-lageano-laerte-ramos-vieira-para-o-brasil-de-hoje\/","title":{"rendered":"Li\u00e7\u00f5es do Lageano Laerte Ramos Vieira para o Brasil de hoje -JORNAL"},"content":{"rendered":"<p data-start=\"82\" data-end=\"368\"><strong><span style=\"font-family: 'comic sans ms', sans-serif; color: #ff0000; font-size: 18pt;\"><em>Um tribuno serrano que fez hist\u00f3ria na pol\u00edtica brasileira<\/em><\/span><\/strong><\/p>\n<p data-start=\"82\" data-end=\"368\"><strong><span style=\"font-family: 'comic sans ms', sans-serif; color: #0000ff;\">H\u00e1 momentos em que revisitar certas trajet\u00f3rias n\u00e3o \u00e9 apenas um gesto de mem\u00f3ria, mas um ato de lucidez. A vida p\u00fablica de Laerte Ramos Vieira, serrano de Lages, \u00e9 uma dessas refer\u00eancias que ultrapassam o tempo e nos interpelam diretamente: o que esperamos, afinal, de um homem p\u00fablico?<\/span><\/strong><\/p>\n<p data-start=\"370\" data-end=\"712\"><strong><span style=\"font-family: 'comic sans ms', sans-serif; color: #0000ff;\"><a href=\"https:\/\/repensandoavida.com.br\/blog\/wp-content\/uploads\/2026\/04\/LAERTE-MAIS-ANTIGO-COLORIDA.png\"><img loading=\"lazy\" decoding=\"async\" class=\"size-medium wp-image-4881 alignright\" src=\"https:\/\/repensandoavida.com.br\/blog\/wp-content\/uploads\/2026\/04\/LAERTE-MAIS-ANTIGO-COLORIDA-225x300.png\" alt=\"\" width=\"225\" height=\"300\" srcset=\"https:\/\/repensandoavida.com.br\/blog\/wp-content\/uploads\/2026\/04\/LAERTE-MAIS-ANTIGO-COLORIDA-225x300.png 225w, https:\/\/repensandoavida.com.br\/blog\/wp-content\/uploads\/2026\/04\/LAERTE-MAIS-ANTIGO-COLORIDA-767x1024.png 767w, https:\/\/repensandoavida.com.br\/blog\/wp-content\/uploads\/2026\/04\/LAERTE-MAIS-ANTIGO-COLORIDA-768x1025.png 768w, https:\/\/repensandoavida.com.br\/blog\/wp-content\/uploads\/2026\/04\/LAERTE-MAIS-ANTIGO-COLORIDA-600x800.png 600w, https:\/\/repensandoavida.com.br\/blog\/wp-content\/uploads\/2026\/04\/LAERTE-MAIS-ANTIGO-COLORIDA-700x934.png 700w, https:\/\/repensandoavida.com.br\/blog\/wp-content\/uploads\/2026\/04\/LAERTE-MAIS-ANTIGO-COLORIDA.png 1086w\" sizes=\"auto, (max-width: 225px) 100vw, 225px\" \/><\/a>Laerte pertenceu a uma gera\u00e7\u00e3o que compreendia a pol\u00edtica como dever \u2014 e n\u00e3o como palco. Sua forma\u00e7\u00e3o s\u00f3lida em Direito e Economia n\u00e3o era ornamento, mas fundamento. Pensava o pa\u00eds com m\u00e9todo, falava com clareza e agia com coer\u00eancia. Qualidades que, somadas, lhe conferiram uma autoridade rara: a de convencer pelo conte\u00fado, e n\u00e3o pelo ru\u00eddo.<\/span><\/strong><\/p>\n<p data-start=\"714\" data-end=\"1051\"><strong><span style=\"font-family: 'comic sans ms', sans-serif; color: #0000ff;\">Minha lembran\u00e7a de sua figura remonta aos tempos em que o r\u00e1dio ainda era a grande janela para o Brasil. Era por meio dele que sua voz, firme e articulada, atravessava dist\u00e2ncias e chegava \u00e0s casas, inclusive \u00e0 minha. N\u00e3o eram discursos para impressionar \u2014 eram interven\u00e7\u00f5es para esclarecer, questionar e, sobretudo, defender princ\u00edpios.<\/span><\/strong><\/p>\n<p data-start=\"1053\" data-end=\"1456\"><strong><span style=\"font-family: 'comic sans ms', sans-serif; color: #0000ff;\">E foi justamente quando esses princ\u00edpios estavam sob maior press\u00e3o que Laerte se mostrou maior. Durante a ditadura militar, optou pelo caminho mais dif\u00edcil: o da oposi\u00e7\u00e3o consciente. No MDB, integrou a ala que n\u00e3o se curvava \u00e0 conveni\u00eancia do sil\u00eancio. Defendia que a diverg\u00eancia era parte essencial da democracia \u2014 uma convic\u00e7\u00e3o que, naquele contexto, exigia n\u00e3o apenas intelig\u00eancia, mas coragem moral.<\/span><\/strong><\/p>\n<p data-start=\"1458\" data-end=\"1819\"><strong><span style=\"font-family: 'comic sans ms', sans-serif; color: #0000ff;\">N\u00e3o se limitou, por\u00e9m, \u00e0 tribuna. Sua contribui\u00e7\u00e3o institucional foi profunda e consistente. Participou da constru\u00e7\u00e3o e do aperfei\u00e7oamento de leis, integrou comiss\u00f5es estrat\u00e9gicas e ajudou a preparar o terreno para a Constitui\u00e7\u00e3o de 1988 \u2014 marco da redemocratiza\u00e7\u00e3o brasileira. Era, nesse sentido, um pol\u00edtico completo: capaz de unir pensamento, palavra e a\u00e7\u00e3o.<\/span><\/strong><\/p>\n<p data-start=\"1821\" data-end=\"2170\"><strong><span style=\"font-family: 'comic sans ms', sans-serif; color: #0000ff;\">H\u00e1, contudo, um aspecto menos vis\u00edvel e talvez mais revelador. Mesmo ap\u00f3s deixar os grandes cargos, Laerte manteve-se pr\u00f3ximo das pessoas. Nos espa\u00e7os p\u00fablicos de Florian\u00f3polis, conversava sem formalidades, ouvia com aten\u00e7\u00e3o, trocava ideias. N\u00e3o cultivava a dist\u00e2ncia que o poder costuma impor. Permanecia humano \u2014 e isso, por si s\u00f3, j\u00e1 o distingue.<\/span><\/strong><\/p>\n<p data-start=\"2172\" data-end=\"2506\"><strong><span style=\"font-family: 'comic sans ms', sans-serif; color: #0000ff;\"><a href=\"https:\/\/repensandoavida.com.br\/blog\/wp-content\/uploads\/2026\/04\/LAERTE-NO-BAR-.png\"><img loading=\"lazy\" decoding=\"async\" class=\"size-medium wp-image-4902 alignleft\" src=\"https:\/\/repensandoavida.com.br\/blog\/wp-content\/uploads\/2026\/04\/LAERTE-NO-BAR--300x192.png\" alt=\"\" width=\"300\" height=\"192\" srcset=\"https:\/\/repensandoavida.com.br\/blog\/wp-content\/uploads\/2026\/04\/LAERTE-NO-BAR--300x192.png 300w, https:\/\/repensandoavida.com.br\/blog\/wp-content\/uploads\/2026\/04\/LAERTE-NO-BAR--1024x657.png 1024w, https:\/\/repensandoavida.com.br\/blog\/wp-content\/uploads\/2026\/04\/LAERTE-NO-BAR--768x492.png 768w, https:\/\/repensandoavida.com.br\/blog\/wp-content\/uploads\/2026\/04\/LAERTE-NO-BAR--1536x985.png 1536w, https:\/\/repensandoavida.com.br\/blog\/wp-content\/uploads\/2026\/04\/LAERTE-NO-BAR--700x449.png 700w, https:\/\/repensandoavida.com.br\/blog\/wp-content\/uploads\/2026\/04\/LAERTE-NO-BAR-.png 1566w\" sizes=\"auto, (max-width: 300px) 100vw, 300px\" \/><\/a>Em tempos em que a pol\u00edtica frequentemente se perde entre extremos, superficialidades e imediatismos, revisitar figuras como Laerte Ramos Vieira \u00e9 quase um exerc\u00edcio de reencontro com o essencial. Ele nos lembra que a vida p\u00fablica exige preparo, responsabilidade e, acima de tudo, compromisso com valores que n\u00e3o podem ser negociados.<\/span><\/strong><\/p>\n<p data-start=\"2508\" data-end=\"2713\"><strong><span style=\"font-family: 'comic sans ms', sans-serif; color: #0000ff;\">N\u00e3o se trata de saudosismo. Trata-se de refer\u00eancia. Porque, quando a pol\u00edtica se afasta de sua finalidade maior, s\u00e3o exemplos como o de Laerte que nos ajudam a recalibrar o olhar \u2014 e, quem sabe, o caminho.<\/span><\/strong><\/p>\n<p style=\"text-align: center;\" data-start=\"2715\" data-end=\"2774\" data-is-last-node=\"\" data-is-only-node=\"\"><span style=\"color: #ff0000;\"><strong><span style=\"font-family: 'comic sans ms', sans-serif;\">Walmor Tadeu Schweitzer<\/span><\/strong><\/span><br data-start=\"2742\" data-end=\"2745\" \/><span style=\"color: #ff0000;\"><strong><span style=\"font-family: 'comic sans ms', sans-serif;\">Contato: <a class=\"decorated-link cursor-pointer\" style=\"color: #ff0000;\" rel=\"noopener\" data-start=\"2754\" data-end=\"2774\" data-is-last-node=\"\">walmor1953@gmail.com<\/a><\/span><\/strong><\/span><\/p>\n","protected":false},"excerpt":{"rendered":"<p>Um tribuno serrano que fez hist\u00f3ria na pol\u00edtica brasileira H\u00e1 momentos em que revisitar certas trajet\u00f3rias n\u00e3o \u00e9 apenas um gesto de mem\u00f3ria, mas um ato de lucidez. A vida p\u00fablica de Laerte Ramos Vieira, serrano de Lages, \u00e9 uma dessas refer\u00eancias que ultrapassam o&#8230;<\/p>\n","protected":false},"author":2,"featured_media":4898,"comment_status":"open","ping_status":"open","sticky":false,"template":"","format":"standard","meta":{"footnotes":""},"categories":[1],"tags":[],"class_list":["post-4887","post","type-post","status-publish","format-standard","has-post-thumbnail","hentry","category-blog"],"_links":{"self":[{"href":"https:\/\/repensandoavida.com.br\/blog\/wp-json\/wp\/v2\/posts\/4887","targetHints":{"allow":["GET"]}}],"collection":[{"href":"https:\/\/repensandoavida.com.br\/blog\/wp-json\/wp\/v2\/posts"}],"about":[{"href":"https:\/\/repensandoavida.com.br\/blog\/wp-json\/wp\/v2\/types\/post"}],"author":[{"embeddable":true,"href":"https:\/\/repensandoavida.com.br\/blog\/wp-json\/wp\/v2\/users\/2"}],"replies":[{"embeddable":true,"href":"https:\/\/repensandoavida.com.br\/blog\/wp-json\/wp\/v2\/comments?post=4887"}],"version-history":[{"count":9,"href":"https:\/\/repensandoavida.com.br\/blog\/wp-json\/wp\/v2\/posts\/4887\/revisions"}],"predecessor-version":[{"id":4913,"href":"https:\/\/repensandoavida.com.br\/blog\/wp-json\/wp\/v2\/posts\/4887\/revisions\/4913"}],"wp:featuredmedia":[{"embeddable":true,"href":"https:\/\/repensandoavida.com.br\/blog\/wp-json\/wp\/v2\/media\/4898"}],"wp:attachment":[{"href":"https:\/\/repensandoavida.com.br\/blog\/wp-json\/wp\/v2\/media?parent=4887"}],"wp:term":[{"taxonomy":"category","embeddable":true,"href":"https:\/\/repensandoavida.com.br\/blog\/wp-json\/wp\/v2\/categories?post=4887"},{"taxonomy":"post_tag","embeddable":true,"href":"https:\/\/repensandoavida.com.br\/blog\/wp-json\/wp\/v2\/tags?post=4887"}],"curies":[{"name":"wp","href":"https:\/\/api.w.org\/{rel}","templated":true}]}}