{"id":6018,"date":"2026-07-21T01:19:37","date_gmt":"2026-07-21T04:19:37","guid":{"rendered":"https:\/\/repensandoavida.com.br\/blog\/?p=6018"},"modified":"2026-07-22T17:16:07","modified_gmt":"2026-07-22T20:16:07","slug":"joao-vi-e-d-pedro-i-dois-homens-que-mudaram-o-destino-de-uma-nacao","status":"publish","type":"post","link":"https:\/\/repensandoavida.com.br\/blog\/joao-vi-e-d-pedro-i-dois-homens-que-mudaram-o-destino-de-uma-nacao\/","title":{"rendered":"D. Jo\u00e3o VI e as Bases do Estado Brasileiro"},"content":{"rendered":"<p><span style=\"font-family: 'comic sans ms', sans-serif; color: #0000ff; font-size: 14pt;\"><em>\u201cOs povos que conhecem sua hist\u00f3ria compreendem melhor o presente e constroem com mais sabedoria o futuro.\u201d<\/em><\/span><\/p>\n<p class=\"font-claude-response-body break-words whitespace-normal\" dir=\"ltr\"><span style=\"font-family: 'comic sans ms', sans-serif; color: #800000;\"><strong><span style=\"font-family: 'comic sans ms', sans-serif; color: #0000ff; font-size: 14pt;\"> <em><a href=\"https:\/\/repensandoavida.com.br\/blog\/wp-content\/uploads\/2026\/07\/D-JOAO-SEXTO-MAPA-MARITIMO-PORTUGUES.png\"><img loading=\"lazy\" decoding=\"async\" class=\" wp-image-6083 alignleft\" src=\"https:\/\/repensandoavida.com.br\/blog\/wp-content\/uploads\/2026\/07\/D-JOAO-SEXTO-MAPA-MARITIMO-PORTUGUES-300x169.png\" alt=\"\" width=\"470\" height=\"265\" srcset=\"https:\/\/repensandoavida.com.br\/blog\/wp-content\/uploads\/2026\/07\/D-JOAO-SEXTO-MAPA-MARITIMO-PORTUGUES-300x169.png 300w, https:\/\/repensandoavida.com.br\/blog\/wp-content\/uploads\/2026\/07\/D-JOAO-SEXTO-MAPA-MARITIMO-PORTUGUES-1024x576.png 1024w, https:\/\/repensandoavida.com.br\/blog\/wp-content\/uploads\/2026\/07\/D-JOAO-SEXTO-MAPA-MARITIMO-PORTUGUES-768x432.png 768w, https:\/\/repensandoavida.com.br\/blog\/wp-content\/uploads\/2026\/07\/D-JOAO-SEXTO-MAPA-MARITIMO-PORTUGUES-1536x864.png 1536w, https:\/\/repensandoavida.com.br\/blog\/wp-content\/uploads\/2026\/07\/D-JOAO-SEXTO-MAPA-MARITIMO-PORTUGUES-700x394.png 700w, https:\/\/repensandoavida.com.br\/blog\/wp-content\/uploads\/2026\/07\/D-JOAO-SEXTO-MAPA-MARITIMO-PORTUGUES-539x303.png 539w, https:\/\/repensandoavida.com.br\/blog\/wp-content\/uploads\/2026\/07\/D-JOAO-SEXTO-MAPA-MARITIMO-PORTUGUES.png 1672w\" sizes=\"auto, (max-width: 470px) 100vw, 470px\" \/><\/a><\/em><\/span><\/strong><\/span><span style=\"font-family: 'comic sans ms', sans-serif; color: #800000;\"><strong>Sempre gostei de Hist\u00f3ria. Desde os bancos escolares, quando cursei o ensino fundamental e o ent\u00e3o chamado ensino cient\u00edfico na Escola Paroquial Nossa Senhora do Ros\u00e1rio e no Col\u00e9gio Diocesano, essa disciplina despertou em mim uma curiosidade que nunca mais me abandonou<\/strong>. <\/span><\/p>\n<p class=\"font-claude-response-body break-words whitespace-normal\" dir=\"ltr\"><span style=\"font-family: 'comic sans ms', sans-serif; color: #800000;\">N\u00e3o era simples memoriza\u00e7\u00e3o de datas e nomes \u2014 era a percep\u00e7\u00e3o de que ali, nas entrelinhas dos fatos, estavam as respostas para perguntas que ainda hoje nos fazemos.<\/span><\/p>\n<p class=\"font-claude-response-body break-words whitespace-normal\" dir=\"ltr\"><span style=\"font-family: 'comic sans ms', sans-serif; color: #800000;\">Ao longo dos anos, fui compreendendo que a Hist\u00f3ria \u00e9, antes de tudo, um instrumento de explica\u00e7\u00e3o. \u00c9 nela que encontramos as causas da forma\u00e7\u00e3o de uma sociedade, de um pa\u00eds, de um Estado e at\u00e9 de um Munic\u00edpio \u2014 suas tradi\u00e7\u00f5es, seus costumes, sua maneira pr\u00f3pria de organizar a vida coletiva. Quando entendemos de onde viemos, entendemos tamb\u00e9m por que somos como somos: por que certas institui\u00e7\u00f5es existem, por que certos h\u00e1bitos se enraizaram, por que determinadas escolhas do passado ainda ecoam no presente.<\/span><\/p>\n<p class=\"font-claude-response-body break-words whitespace-normal\" dir=\"ltr\"><span style=\"font-family: 'comic sans ms', sans-serif; color: #800000;\"><strong>\u00c9 com esse esp\u00edrito que inicio a s\u00e9rie de artigos &#8220;Os Homens que Lan\u00e7aram os Alicerces do Brasil&#8221;. E n\u00e3o poderia come\u00e7ar de outra forma sen\u00e3o falando de D. Jo\u00e3o VI<\/strong>, uma figura que a historiografia escolar frequentemente trata de maneira superficial, quase caricatural \u2014 o pr\u00edncipe hesitante, o monarca acomodado. <strong>Essa leitura simplista, no entanto, esconde um fato fundamental: foi D. Jo\u00e3o VI quem, ao transferir a Corte portuguesa para o Brasil em 1808, deu in\u00edcio \u00e0 organiza\u00e7\u00e3o efetiva do que viria a se tornar o Estado brasileiro<\/strong>.<\/span><\/p>\n<p class=\"font-claude-response-body break-words whitespace-normal\" dir=\"ltr\"><span style=\"font-family: 'comic sans ms', sans-serif; color: #800000;\">Antes de sua chegada, o Brasil era uma col\u00f4nia administrada \u00e0 dist\u00e2ncia, sem institui\u00e7\u00f5es pr\u00f3prias, sem estrutura burocr\u00e1tica, sem sequer autoriza\u00e7\u00e3o para imprimir seus pr\u00f3prios livros ou produzir manufaturas. <strong>Foi D. Jo\u00e3o VI quem mudou esse cen\u00e1rio: abriu os portos ao com\u00e9rcio com na\u00e7\u00f5es amigas, criou o Banco do Brasil, fundou academias militares e escolas de medicina, instalou a Imprensa R\u00e9gia, organizou bibliotecas e jardins bot\u00e2nicos, e lan\u00e7ou as bases de uma administra\u00e7\u00e3o p\u00fablica que, pela primeira vez, funcionava dentro do pr\u00f3prio territ\u00f3rio brasileiro.<\/strong><\/span><\/p>\n<p class=\"font-claude-response-body break-words whitespace-normal\" dir=\"ltr\"><span style=\"font-family: 'comic sans ms', sans-serif; color: #0000ff;\">Neste artigo, proponho um convite: revisitar essa trajet\u00f3ria n\u00e3o como curiosidade hist\u00f3rica distante, mas como chave para entender a forma\u00e7\u00e3o do Estado que hoje conhecemos. Afinal, os povos que conhecem sua hist\u00f3ria compreendem melhor o presente e constroem, com mais sabedoria, o futuro.<\/span><\/p>\n<hr \/>\n<p><span style=\"color: #ff0000;\"><strong><span style=\"font-size: 18pt;\"><span style=\"font-family: 'comic sans ms', sans-serif;\">D. Jo\u00e3o VI &#8211; <\/span><span style=\"font-family: 'comic sans ms', sans-serif;\"><em>O estadista que lan\u00e7ou os fundamentos do Estado brasileiro<\/em><\/span><\/span><\/strong><\/span><\/p>\n<p><span style=\"color: #0000ff;\"><span style=\"font-family: 'comic sans ms', sans-serif; font-size: 14pt;\"><em>\u201cGovernar \u00e9 preparar o futuro, mesmo quando as circunst\u00e2ncias parecem adversas.\u201d<\/em><\/span><\/span><\/p>\n<p><span style=\"font-family: 'comic sans ms', sans-serif; color: #800000;\"><strong><span style=\"font-family: 'comic sans ms', sans-serif; color: #0000ff; font-size: 14pt;\"><em><a href=\"https:\/\/repensandoavida.com.br\/blog\/wp-content\/uploads\/2026\/07\/D-JOAO-SEXTO-FUJAO-2.jpeg\"><img loading=\"lazy\" decoding=\"async\" class=\" wp-image-6063 alignright\" src=\"https:\/\/repensandoavida.com.br\/blog\/wp-content\/uploads\/2026\/07\/D-JOAO-SEXTO-FUJAO-2-300x176.jpeg\" alt=\"\" width=\"462\" height=\"271\" srcset=\"https:\/\/repensandoavida.com.br\/blog\/wp-content\/uploads\/2026\/07\/D-JOAO-SEXTO-FUJAO-2-300x176.jpeg 300w, https:\/\/repensandoavida.com.br\/blog\/wp-content\/uploads\/2026\/07\/D-JOAO-SEXTO-FUJAO-2-1024x601.jpeg 1024w, https:\/\/repensandoavida.com.br\/blog\/wp-content\/uploads\/2026\/07\/D-JOAO-SEXTO-FUJAO-2-768x450.jpeg 768w, https:\/\/repensandoavida.com.br\/blog\/wp-content\/uploads\/2026\/07\/D-JOAO-SEXTO-FUJAO-2-700x411.jpeg 700w, https:\/\/repensandoavida.com.br\/blog\/wp-content\/uploads\/2026\/07\/D-JOAO-SEXTO-FUJAO-2.jpeg 1243w\" sizes=\"auto, (max-width: 462px) 100vw, 462px\" \/><\/a><\/em><\/span><\/strong><\/span><\/p>\n<p>&nbsp;<\/p>\n<p><span style=\"font-family: 'comic sans ms', sans-serif; color: #800000;\"><strong>Dom Jo\u00e3o VI (1767\u20131826) foi um dos personagens mais influentes da hist\u00f3ria luso-brasileira. Durante muito tempo, sua imagem foi reduzida a caricaturas de um rei indeciso, desleixado e excessivamente preocupado com a boa mesa. <\/strong><\/span><\/p>\n<p><span style=\"font-family: 'comic sans ms', sans-serif; color: #800000;\">A historiografia moderna, no entanto, tem revisto essa vis\u00e3o e reconhece nele um governante prudente, habilidoso e capaz de tomar decis\u00f5es estrat\u00e9gicas em momentos de extrema crise.<\/span><\/p>\n<p><span style=\"font-family: 'comic sans ms', sans-serif; color: #0000ff;\">Seus atos pol\u00edticos alteraram profundamente o rumo do Brasil, permitindo que a antiga col\u00f4nia se transformasse, em poucos anos, no centro do Imp\u00e9rio Portugu\u00eas e, depois, em uma na\u00e7\u00e3o independente.<\/span><\/p>\n<hr \/>\n<p><span style=\"font-size: 18pt;\"><strong><span style=\"font-family: 'comic sans ms', sans-serif; color: #ff0000;\">Um pr\u00edncipe preparado para governar<\/span><\/strong><\/span><\/p>\n<p><span style=\"font-family: 'comic sans ms', sans-serif; color: #0000ff; font-size: 14pt;\"><em>Antes de se tornar rei, Dom Jo\u00e3o recebeu forma\u00e7\u00e3o s\u00f3lida e assumiu o governo ainda jovem, em meio a uma grave crise na monarquia.<\/em><\/span><\/p>\n<p><span style=\"font-family: 'comic sans ms', sans-serif; color: #800000;\">Dom Jo\u00e3o nasceu em 13 de maio de 1767, no Pal\u00e1cio de Queluz, em Portugal, filho da rainha Maria I e do rei consorte Dom Pedro III. Recebeu uma educa\u00e7\u00e3o voltada para as responsabilidades do governo, estudando Hist\u00f3ria, Direito, Administra\u00e7\u00e3o, Religi\u00e3o, Diplomacia e Estrat\u00e9gia militar.<\/span><\/p>\n<p><span style=\"font-family: 'comic sans ms', sans-serif; color: #0000ff;\">Em 1792, com o agravamento da doen\u00e7a mental de sua m\u00e3e, passou a exercer o governo como Pr\u00edncipe Regente, assumindo a administra\u00e7\u00e3o do reino em um dos per\u00edodos mais turbulentos da hist\u00f3ria europeia.<\/span><\/p>\n<hr \/>\n<p><strong><span style=\"font-family: 'comic sans ms', sans-serif; color: #ff0000; font-size: 18pt;\">O desafio de Napole\u00e3o: uma fuga estrat\u00e9gica<\/span><\/strong><\/p>\n<p><span style=\"font-family: 'comic sans ms', sans-serif; color: #0000ff; font-size: 14pt;\"><em>A amea\u00e7a de invas\u00e3o francesa obrigou Dom Jo\u00e3o a tomar uma decis\u00e3o sem precedentes entre as monarquias europeias.<\/em><\/span><\/p>\n<p><span style=\"font-family: 'comic sans ms', sans-serif; color: #800000;\">No in\u00edcio do s\u00e9culo XIX, a Europa era dominada pelas guerras lideradas por Napole\u00e3o Bonaparte. Portugal vivia uma posi\u00e7\u00e3o delicada: dependia economicamente da Inglaterra, mas sofria forte press\u00e3o francesa para romper essa alian\u00e7a.<\/span><\/p>\n<p><span style=\"font-family: 'comic sans ms', sans-serif; color: #800000;\">Quando Napole\u00e3o determinou a invas\u00e3o de Portugal, em 1807, Dom Jo\u00e3o recusou-se a abandonar os ingleses. Em vez de enfrentar um ex\u00e9rcito muito superior, tomou uma decis\u00e3o in\u00e9dita para uma monarquia europeia: transferir a sede do governo portugu\u00eas para o Brasil. A medida preservou a independ\u00eancia da Coroa e evitou que o pa\u00eds fosse completamente submetido ao dom\u00ednio franc\u00eas.<\/span><\/p>\n<p><span style=\"color: #0000ff;\"><span style=\"font-family: 'comic sans ms', sans-serif;\">Em novembro de 1807, cerca de quinze mil pessoas \u2014 entre membros da fam\u00edlia real, ministros, militares, nobres, funcion\u00e1rios e servidores \u2014 atravessaram o Atl\u00e2ntico rumo ao Rio de Janeiro, onde desembarcaram em janeiro de 1808. Jamais uma pot\u00eancia europeia havia transferido sua capital para uma col\u00f4nia: o fato mudou por completo a posi\u00e7\u00e3o do Brasil dentro do Imp\u00e9rio Portugu\u00eas.<\/span><\/span><\/p>\n<hr \/>\n<p><strong><span style=\"font-family: 'comic sans ms', sans-serif; color: #ff0000; font-size: 18pt;\">O Brasil deixa de ser apenas uma col\u00f4nia<\/span><\/strong><\/p>\n<p><span style=\"color: #0000ff;\"><span style=\"font-family: 'comic sans ms', sans-serif; font-size: 14pt;\"><em>A chegada da Corte exigiu mudan\u00e7as administrativas imediatas, que romperam s\u00e9culos de restri\u00e7\u00f5es coloniais.<\/em><\/span><\/span><\/p>\n<p><span style=\"font-family: 'comic sans ms', sans-serif; color: #800000;\"><strong><span style=\"font-family: 'comic sans ms', sans-serif; color: #0000ff; font-size: 14pt;\"> <a href=\"https:\/\/repensandoavida.com.br\/blog\/wp-content\/uploads\/2026\/07\/D-JOAO-SEXTO-MAPA-2-BRASIL.png\"><img loading=\"lazy\" decoding=\"async\" class=\"wp-image-6090 alignleft\" src=\"https:\/\/repensandoavida.com.br\/blog\/wp-content\/uploads\/2026\/07\/D-JOAO-SEXTO-MAPA-2-BRASIL-300x169.png\" alt=\"\" width=\"398\" height=\"224\" srcset=\"https:\/\/repensandoavida.com.br\/blog\/wp-content\/uploads\/2026\/07\/D-JOAO-SEXTO-MAPA-2-BRASIL-300x169.png 300w, https:\/\/repensandoavida.com.br\/blog\/wp-content\/uploads\/2026\/07\/D-JOAO-SEXTO-MAPA-2-BRASIL-1024x576.png 1024w, https:\/\/repensandoavida.com.br\/blog\/wp-content\/uploads\/2026\/07\/D-JOAO-SEXTO-MAPA-2-BRASIL-768x432.png 768w, https:\/\/repensandoavida.com.br\/blog\/wp-content\/uploads\/2026\/07\/D-JOAO-SEXTO-MAPA-2-BRASIL-1536x864.png 1536w, https:\/\/repensandoavida.com.br\/blog\/wp-content\/uploads\/2026\/07\/D-JOAO-SEXTO-MAPA-2-BRASIL-700x394.png 700w, https:\/\/repensandoavida.com.br\/blog\/wp-content\/uploads\/2026\/07\/D-JOAO-SEXTO-MAPA-2-BRASIL-539x303.png 539w, https:\/\/repensandoavida.com.br\/blog\/wp-content\/uploads\/2026\/07\/D-JOAO-SEXTO-MAPA-2-BRASIL.png 1672w\" sizes=\"auto, (max-width: 398px) 100vw, 398px\" \/><\/a><\/span><\/strong><\/span><\/p>\n<p>&nbsp;<\/p>\n<p><strong><span style=\"font-family: 'comic sans ms', sans-serif; color: #800000;\">Ao chegar ao Rio de Janeiro, Dom Jo\u00e3o percebeu que era imposs\u00edvel governar um territ\u00f3rio daquela dimens\u00e3o mantendo as antigas restri\u00e7\u00f5es coloniais. Iniciou, ent\u00e3o, uma ampla reorganiza\u00e7\u00e3o administrativa, que incluiu:<\/span><\/strong><\/p>\n<p>&nbsp;<\/p>\n<p><span style=\"font-family: 'comic sans ms', sans-serif; color: #800000;\">Abertura dos portos ao com\u00e9rcio internacional; L<\/span><span style=\"font-family: 'comic sans ms', sans-serif; color: #800000;\">iberdade para instala\u00e7\u00e3o de manufaturas; R<\/span><span style=\"font-family: 'comic sans ms', sans-serif; color: #800000;\">eorganiza\u00e7\u00e3o da administra\u00e7\u00e3o p\u00fablica: F<\/span><span style=\"font-family: 'comic sans ms', sans-serif; color: #800000;\">ortalecimento das atividades econ\u00f4micas.<\/span><\/p>\n<p><span style=\"font-family: 'comic sans ms', sans-serif; color: #0000ff; font-size: 14pt;\">Essas decis\u00f5es romperam o sistema colonial que vigorava desde o s\u00e9culo XVI.<\/span><\/p>\n<hr \/>\n<p><span style=\"font-size: 18pt;\"><strong><span style=\"font-family: 'comic sans ms', sans-serif; color: #ff0000;\">O construtor das institui\u00e7\u00f5es brasileiras<\/span><\/strong><\/span><\/p>\n<p><span style=\"font-family: 'comic sans ms', sans-serif; color: #0000ff; font-size: 14pt;\"><em>Foi durante seu governo que o Brasil ganhou as primeiras institui\u00e7\u00f5es permanentes de um Estado moderno<\/em><\/span><strong><span style=\"font-family: 'comic sans ms', sans-serif; color: #0000ff; font-size: 14pt;\"><em>.<\/em><\/span><\/strong><\/p>\n<p><span style=\"font-family: 'comic sans ms', sans-serif; color: #800000;\">Talvez o maior legado de Dom Jo\u00e3o VI tenha sido lan\u00e7ar as bases institucionais do Estado brasileiro. Durante seu governo foram fundadas ou fortalecidas institui\u00e7\u00f5es como o Banco do Brasil, a Imprensa R\u00e9gia, a Biblioteca Real (adiante detalhada), o Jardim Bot\u00e2nico, a Academia Real Militar, o Museu Real, a Escola M\u00e9dico-Cir\u00fargica, a Casa da Moeda, o Arquivo Militar e o Teatro Real.<\/span><\/p>\n<p><span style=\"font-family: 'comic sans ms', sans-serif; color: #800000;\"><span style=\"color: #0000ff;\">Pela primeira vez, o Brasil passou a contar com organismos permanentes semelhantes aos das principais monarquias europeias<\/span>.<\/span><\/p>\n<hr \/>\n<p><span style=\"color: #ff0000;\"><strong><span style=\"font-family: 'comic sans ms', sans-serif; font-size: 18pt;\">Ci\u00eancia, artes e uma nova capital<\/span><\/strong><\/span><\/p>\n<p><span style=\"font-family: 'comic sans ms', sans-serif; color: #0000ff; font-size: 14pt;\"><em>Dom Jo\u00e3o tamb\u00e9m investiu no conhecimento e na transforma\u00e7\u00e3o do Rio de Janeiro em uma verdadeira capital.<\/em><\/span><\/p>\n<p><span style=\"font-family: 'comic sans ms', sans-serif; color: #800000;\"><strong><a href=\"https:\/\/repensandoavida.com.br\/blog\/wp-content\/uploads\/2026\/07\/D-JOAO-VI-CARRUGEM-NOVA-1.jpeg\"><img loading=\"lazy\" decoding=\"async\" class=\"wp-image-6067 alignright\" src=\"https:\/\/repensandoavida.com.br\/blog\/wp-content\/uploads\/2026\/07\/D-JOAO-VI-CARRUGEM-NOVA-1-300x201.jpeg\" alt=\"\" width=\"412\" height=\"276\" srcset=\"https:\/\/repensandoavida.com.br\/blog\/wp-content\/uploads\/2026\/07\/D-JOAO-VI-CARRUGEM-NOVA-1-300x201.jpeg 300w, https:\/\/repensandoavida.com.br\/blog\/wp-content\/uploads\/2026\/07\/D-JOAO-VI-CARRUGEM-NOVA-1-1024x687.jpeg 1024w, https:\/\/repensandoavida.com.br\/blog\/wp-content\/uploads\/2026\/07\/D-JOAO-VI-CARRUGEM-NOVA-1-768x515.jpeg 768w, https:\/\/repensandoavida.com.br\/blog\/wp-content\/uploads\/2026\/07\/D-JOAO-VI-CARRUGEM-NOVA-1-700x469.jpeg 700w, https:\/\/repensandoavida.com.br\/blog\/wp-content\/uploads\/2026\/07\/D-JOAO-VI-CARRUGEM-NOVA-1.jpeg 1242w\" sizes=\"auto, (max-width: 412px) 100vw, 412px\" \/><\/a>Dom Jo\u00e3o entendia que o progresso de uma na\u00e7\u00e3o depende do conhecimento. Por isso incentivou pesquisas cient\u00edficas, estudos de bot\u00e2nica, cartografia, engenharia e medicina, al\u00e9m da forma\u00e7\u00e3o de profissionais especializados. Tamb\u00e9m promoveu a chegada da Miss\u00e3o Art\u00edstica Francesa, que impulsionou o ensino das artes e influenciou a arquitetura, a pintura e a escultura brasileiras.<\/strong><\/span><\/p>\n<p><span style=\"font-family: 'comic sans ms', sans-serif; color: #0000ff;\">Nesse per\u00edodo, o Rio de Janeiro deixou de ser uma cidade colonial para assumir caracter\u00edsticas de capital moderna, com investimentos em ilumina\u00e7\u00e3o p\u00fablica, abastecimento, urbaniza\u00e7\u00e3o, seguran\u00e7a, servi\u00e7os administrativos e infraestrutura portu\u00e1ria \u2014 tornando-se o principal centro pol\u00edtico da Am\u00e9rica Portuguesa.<\/span><\/p>\n<hr \/>\n<p><span style=\"font-size: 18pt;\"><strong><span style=\"font-family: 'comic sans ms', sans-serif; color: #ff0000;\">A cria\u00e7\u00e3o do Reino Unido<\/span><\/strong><\/span><\/p>\n<p><span style=\"font-family: 'comic sans ms', sans-serif; color: #800000;\"><em><span style=\"font-size: 14pt; color: #0000ff;\">Em 1815, uma decis\u00e3o pol\u00edtica elevou o status do Brasil dentro do imp\u00e9rio portugu\u00eas<\/span>.<\/em><\/span><\/p>\n<p><span style=\"font-family: 'comic sans ms', sans-serif; color: #800000;\">Em 1815, Dom Jo\u00e3o promoveu uma das mudan\u00e7as pol\u00edticas mais importantes da hist\u00f3ria brasileira: o Brasil foi elevado \u00e0 categoria de Reino Unido de Portugal e Algarves. <span style=\"color: #0000ff;\">Na pr\u00e1tica, isso significava que o Brasil deixava de ser juridicamente uma col\u00f4nia e passava a integrar o mesmo n\u00edvel pol\u00edtico de Portugal \u2014 uma medida que fortaleceu a identidade nacional e contribuiu diretamente para o processo de Independ\u00eancia, poucos anos depois.<\/span><\/span><\/p>\n<hr \/>\n<p><strong><span style=\"font-family: 'comic sans ms', sans-serif; color: #ff0000; font-size: 18pt;\">O retorno a Portugal e a Independ\u00eancia<\/span><\/strong><\/p>\n<p><span style=\"font-family: 'comic sans ms', sans-serif; color: #0000ff; font-size: 14pt;\"><em>A volta de Dom Jo\u00e3o \u00e0 Europa, em 1821, abriu caminho para o processo que levaria \u00e0 Independ\u00eancia do Brasil.<\/em><\/span><\/p>\n<p><span style=\"font-family: 'comic sans ms', sans-serif; color: #800000;\"><strong>Em 1821, pressionado pela Revolu\u00e7\u00e3o Liberal do Porto, Dom Jo\u00e3o retornou a Portugal. Antes de embarcar, deixou seu filho, Dom Pedro I, como pr\u00edncipe regente do Brasil. No ano seguinte, Dom Pedro proclamaria a Independ\u00eancia. Embora tenha tentado preservar a uni\u00e3o entre os dois reinos, Dom Jo\u00e3o compreendia que o Brasil j\u00e1 havia adquirido uma dimens\u00e3o pol\u00edtica imposs\u00edvel de ser revertida.<\/strong><\/span><\/p>\n<hr \/>\n<p><strong><span style=\"font-family: 'comic sans ms', sans-serif; color: #ff0000; font-size: 18pt;\">O homem por tr\u00e1s do rei<\/span><\/strong><\/p>\n<p><span style=\"font-size: 14pt;\"><span style=\"font-family: 'comic sans ms', sans-serif; color: #0000ff;\"><em>Por tr\u00e1s das caricaturas populares, havia tra\u00e7os de personalidade que moldaram sua forma de governar.<\/em><\/span><\/span><\/p>\n<p><span style=\"font-family: 'comic sans ms', sans-serif; color: #800000;\">Apesar das caricaturas populares, algumas caracter\u00edsticas marcaram sua forma de governar: prud\u00eancia diante das crises, habilidade diplom\u00e1tica, grande capacidade de negocia\u00e7\u00e3o, forte religiosidade, preocupa\u00e7\u00e3o com a estabilidade pol\u00edtica e prefer\u00eancia por solu\u00e7\u00f5es conciliadoras em vez de confrontos militares. Essa postura evitou guerras devastadoras tanto em Portugal quanto no Brasil.<\/span><\/p>\n<hr \/>\n<p><span style=\"font-size: 18pt; color: #ff0000;\"><strong><span style=\"font-family: 'comic sans ms', sans-serif;\">A Biblioteca Real: um tesouro quase perdido no cais<\/span><\/strong><\/span><\/p>\n<p><span style=\"font-family: 'comic sans ms', sans-serif; color: #0000ff;\"><span style=\"font-size: 14pt;\"><em>Entre os bens levados na viagem de 1807, um dos mais valiosos quase n\u00e3o chegou ao Brasil.<\/em><\/span><\/span><\/p>\n<p><span style=\"font-family: 'comic sans ms', sans-serif; color: #800000;\">Entre os bens mais valiosos levados na viagem de 1807 estavam os documentos da administra\u00e7\u00e3o real e o que se considerava o tesouro do Estado \u2014 ouro, joias, tape\u00e7arias, alfaias e a pr\u00f3pria Biblioteca dos Reis. Na confus\u00e3o da partida, por\u00e9m, a Biblioteca, j\u00e1 embalada para o transporte, acabou esquecida no cais. S\u00f3 em 1810 seus primeiros &#8220;caix\u00f5es&#8221; come\u00e7aram a chegar ao Rio de Janeiro, em levas que se estenderam at\u00e9 o ano seguinte.<\/span><\/p>\n<p><span style=\"font-family: 'comic sans ms', sans-serif; color: #800000;\">O acervo foi inicialmente depositado no andar superior do Hospital da Ordem Terceira do Carmo. Por serem consideradas inadequadas, essas instala\u00e7\u00f5es deram lugar \u00e0s catacumbas do Convento do Carmo, conforme decreto de 29 de outubro de 1810 \u2014 data que passou a ser considerada a da funda\u00e7\u00e3o da Biblioteca Nacional. No in\u00edcio, o acesso era restrito a pesquisadores autorizados pelo pr\u00edncipe regente; somente quatro anos depois, em 1814, a Biblioteca foi aberta ao p\u00fablico em geral.<\/span><\/p>\n<hr \/>\n<p><strong><span style=\"font-family: 'comic sans ms', sans-serif; color: #ff0000; font-size: 18pt;\">Uma cole\u00e7\u00e3o com s\u00e9culos de hist\u00f3ria<\/span><\/strong><\/p>\n<p><span style=\"font-size: 14pt; color: #0000ff;\"><span style=\"font-family: 'comic sans ms', sans-serif;\"><em>A origem desse acervo remonta a s\u00e9culos antes da chegada da Corte ao Brasil.<\/em><\/span><\/span><\/p>\n<p><span style=\"font-family: 'comic sans ms', sans-serif; color: #800000;\"><strong><a href=\"https:\/\/repensandoavida.com.br\/blog\/wp-content\/uploads\/2026\/07\/D-JOAO-VI-BIBLIOTECA-AGORA.png\"><img loading=\"lazy\" decoding=\"async\" class=\" wp-image-6116 alignleft\" src=\"https:\/\/repensandoavida.com.br\/blog\/wp-content\/uploads\/2026\/07\/D-JOAO-VI-BIBLIOTECA-AGORA-300x205.png\" alt=\"\" width=\"444\" height=\"304\" srcset=\"https:\/\/repensandoavida.com.br\/blog\/wp-content\/uploads\/2026\/07\/D-JOAO-VI-BIBLIOTECA-AGORA-300x205.png 300w, https:\/\/repensandoavida.com.br\/blog\/wp-content\/uploads\/2026\/07\/D-JOAO-VI-BIBLIOTECA-AGORA-1024x700.png 1024w, https:\/\/repensandoavida.com.br\/blog\/wp-content\/uploads\/2026\/07\/D-JOAO-VI-BIBLIOTECA-AGORA-768x525.png 768w, https:\/\/repensandoavida.com.br\/blog\/wp-content\/uploads\/2026\/07\/D-JOAO-VI-BIBLIOTECA-AGORA-1536x1050.png 1536w, https:\/\/repensandoavida.com.br\/blog\/wp-content\/uploads\/2026\/07\/D-JOAO-VI-BIBLIOTECA-AGORA-700x479.png 700w, https:\/\/repensandoavida.com.br\/blog\/wp-content\/uploads\/2026\/07\/D-JOAO-VI-BIBLIOTECA-AGORA.png 1920w\" sizes=\"auto, (max-width: 444px) 100vw, 444px\" \/><\/a>Ainda em Portugal, a Biblioteca Real era motivo de orgulho da monarquia, reconhecida como uma das mais preciosas da Europa. Sua forma\u00e7\u00e3o havia come\u00e7ado com outro rei Jo\u00e3o \u2014 Dom Jo\u00e3o I, &#8220;o da boa mem\u00f3ria&#8221; (1385\u20131433) \u2014, mas o terremoto de Lisboa, em 1755, destruiu todo o acervo reunido at\u00e9 ent\u00e3o. Reconstru\u00ed-lo tornou-se prioridade, e a nova cole\u00e7\u00e3o foi montada por meio de compras, doa\u00e7\u00f5es e confiscos. No in\u00edcio do s\u00e9culo XIX, ela j\u00e1 reunia cerca de 70 mil itens, entre manuscritos raros, incun\u00e1bulos, livros, gravuras, mapas e moedas.<\/strong><\/span><\/p>\n<p><span style=\"font-family: 'comic sans ms', sans-serif; color: #800000;\"><span style=\"color: #0000ff;\"><span style=\"color: #800000;\">D. Jo\u00e3o VI trouxe\u00a0 ao Brasil\u00a0 um patrim\u00f4nio intelectual de valor incalcul\u00e1vel. O<\/span><\/span><\/span><span style=\"font-family: 'comic sans ms', sans-serif; color: #800000;\">\u00a0acervo continuou crescendo, seja por doa\u00e7\u00f5es \u2014 como a cole\u00e7\u00e3o de bot\u00e2nica de frei Jos\u00e9 Mariano da Concei\u00e7\u00e3o Veloso (1811) \u2014, seja por compras, como as do jurista Manuel In\u00e1cio da Silva Alvarenga (1815), do arquiteto Jos\u00e9 da Costa e Silva (1818) e do conde da Barca, Dom Ant\u00f4nio de Ara\u00fajo e Azevedo (1819).<\/span><\/p>\n<p><span style=\"font-family: 'comic sans ms', sans-serif; color: #800000;\">A Biblioteca Real do tempo do Imp\u00e9rio, hoje conhecida como Biblioteca Nacional, \u00e9 a maior biblioteca da Am\u00e9rica Latina e uma das mais belas do mundo. Trazida de Portugal pela fam\u00edlia real, re\u00fane atualmente mais de 9 milh\u00f5es de itens \u2014 entre livros raros, manuscritos e documentos hist\u00f3ricos \u2014, e est\u00e1 sediada em um imponente edif\u00edcio neocl\u00e1ssico no centro do Rio de Janeiro, inaugurado em 1910.<\/span><\/p>\n<p><span style=\"color: #0000ff;\"><em><strong data-start=\"632\" data-end=\"757\">Livros podem transformar o destino de um povo. Em 1810, D. Jo\u00e3o VI compreendeu essa verdade ao criar a Real Biblioteca.<\/strong><\/em><\/span><\/p>\n<p>&nbsp;<\/p>\n<hr \/>\n<p><strong><span style=\"font-family: 'comic sans ms', sans-serif; color: #ff0000; font-size: 18pt;\">Aclama\u00e7\u00e3o de D. Jo\u00e3o VI<\/span><\/strong><\/p>\n<p class=\"isSelectedEnd\"><em><span style=\"font-family: 'comic sans ms', sans-serif; color: #0000ff; font-size: 14pt;\">Naquele 6 de fevereiro de 1818, o Rio de Janeiro deixou de ser apenas a sede da Corte para transformar-se, diante dos olhos do mundo, no grandioso palco da majestade da monarquia portuguesa.<\/span><\/em><\/p>\n<p class=\"isSelectedEnd\"><span style=\"font-family: 'comic sans ms', sans-serif; color: #800000;\"><a href=\"https:\/\/repensandoavida.com.br\/blog\/wp-content\/uploads\/2026\/07\/D-JOAO-VI-ACLAMACAO-.jpg\"><img loading=\"lazy\" decoding=\"async\" class=\" wp-image-6108 alignleft\" src=\"https:\/\/repensandoavida.com.br\/blog\/wp-content\/uploads\/2026\/07\/D-JOAO-VI-ACLAMACAO--300x175.jpg\" alt=\"\" width=\"447\" height=\"261\" srcset=\"https:\/\/repensandoavida.com.br\/blog\/wp-content\/uploads\/2026\/07\/D-JOAO-VI-ACLAMACAO--300x175.jpg 300w, https:\/\/repensandoavida.com.br\/blog\/wp-content\/uploads\/2026\/07\/D-JOAO-VI-ACLAMACAO--1024x599.jpg 1024w, https:\/\/repensandoavida.com.br\/blog\/wp-content\/uploads\/2026\/07\/D-JOAO-VI-ACLAMACAO--768x449.jpg 768w, https:\/\/repensandoavida.com.br\/blog\/wp-content\/uploads\/2026\/07\/D-JOAO-VI-ACLAMACAO--700x409.jpg 700w, https:\/\/repensandoavida.com.br\/blog\/wp-content\/uploads\/2026\/07\/D-JOAO-VI-ACLAMACAO-.jpg 1536w\" sizes=\"auto, (max-width: 447px) 100vw, 447px\" \/><\/a><strong>A aclama\u00e7\u00e3o de D. Jo\u00e3o VI, realizada em 6 de fevereiro de 1818, transformou o Rio de Janeiro no maior palco pol\u00edtico e cerimonial do Imp\u00e9rio Portugu\u00eas. Determinado a demonstrar a for\u00e7a, a legitimidade e o prest\u00edgio da Coroa, o monarca organizou uma celebra\u00e7\u00e3o de propor\u00e7\u00f5es in\u00e9ditas na Am\u00e9rica Portuguesa, mobilizando alguns dos mais renomados artistas europeus que viviam na Corte.<\/strong><\/span><\/p>\n<p class=\"isSelectedEnd\"><span style=\"font-family: 'comic sans ms', sans-serif; color: #800000;\">O <strong>Terreiro do Pa\u00e7o<\/strong> (atual Pra\u00e7a XV), no cora\u00e7\u00e3o da cidade, foi completamente remodelado para receber a cerim\u00f4nia. O projeto cenogr\u00e1fico ficou sob a responsabilidade do arquiteto <strong>Grandjean de Montigny<\/strong>, do pintor <strong>Jean-Baptiste Debret<\/strong> e do escultor <strong>Auguste-Marie Taunay<\/strong>, que conceberam um cen\u00e1rio inspirado na arquitetura cl\u00e1ssica europeia.<\/span><\/p>\n<p class=\"isSelectedEnd\"><span style=\"font-family: 'comic sans ms', sans-serif; color: #800000;\">Em frente ao Pa\u00e7o Real foi constru\u00edda uma ampla varanda, permitindo que a popula\u00e7\u00e3o acompanhasse os principais momentos da solenidade. Na entrada posicionaram-se os menestr\u00e9is, respons\u00e1veis por executar m\u00fasicas festivas com trombetas, charamelas e atabales, conferindo \u00e0 cerim\u00f4nia uma atmosfera de majestade.<\/span><\/p>\n<p class=\"isSelectedEnd\"><span style=\"font-family: 'comic sans ms', sans-serif; color: #800000;\">A ornamenta\u00e7\u00e3o impressionava pelo simbolismo. Montigny ergueu um templo dedicado \u00e0 deusa <strong>Minerva<\/strong>, ladeado por est\u00e1tuas que exaltavam a sabedoria e a autoridade do soberano. Debret desenhou um monumental arco do triunfo, executado por Taunay, sustentado por colunas cor\u00edntias e adornado com figuras de Minerva e <strong>Ceres<\/strong>, representando, respectivamente, a prud\u00eancia do rei e a abund\u00e2ncia do reino. No centro da pra\u00e7a destacava-se um obelisco de mais de vinte metros de altura, cuidadosamente constru\u00eddo para aparentar ser de granito.<\/span><\/p>\n<p class=\"isSelectedEnd\"><span style=\"font-family: 'comic sans ms', sans-serif; color: #800000;\">Na manh\u00e3 de <strong>6 de fevereiro<\/strong>, teve in\u00edcio o protocolo oficial. D. Jo\u00e3o VI deixou o Pal\u00e1cio Real em dire\u00e7\u00e3o ao \u00e1trio da Capela Real, onde foi celebrada uma missa solene. \u00c0 sua frente caminhavam o infante <strong>D. Miguel<\/strong>, o pr\u00edncipe <strong>D. Pedro<\/strong>, membros da alta nobreza, bispos, oficiais militares, ministros e demais dignit\u00e1rios da Corte, todos revestidos de suas ins\u00edgnias e trajes cerimoniais.<\/span><\/p>\n<p class=\"isSelectedEnd\"><strong><span style=\"font-family: 'comic sans ms', sans-serif; color: #800000;\">Conclu\u00edda a celebra\u00e7\u00e3o religiosa, o rei dirigiu-se ao trono, instalado sob um rico dossel. Recebeu solenemente o cetro de ouro e realizou o momento mais importante da cerim\u00f4nia: o juramento de governar com justi\u00e7a e fidelidade \u00e0s leis e aos privil\u00e9gios do reino, mantendo a m\u00e3o direita sobre o Evangelho. Em seguida, D. Pedro, D. Miguel e os grandes do reino prestaram juramento de lealdade ao soberano.<\/span><\/strong><\/p>\n<p class=\"isSelectedEnd\"><span style=\"font-family: 'comic sans ms', sans-serif; color: #800000;\">Ap\u00f3s o tradicional <strong>beija-m\u00e3o<\/strong>, D. Jo\u00e3o VI retornou em cortejo \u00e0 Capela Real para assistir ao canto do <strong>Te Deum<\/strong>, hino de a\u00e7\u00e3o de gra\u00e7as. Enquanto isso, os sinos repicavam por toda a cidade, salvas de artilharia e fogos de artif\u00edcio ecoavam sobre a Ba\u00eda de Guanabara, e comerciantes iluminavam suas fachadas com milhares de lampi\u00f5es, transformando a noite carioca em um espet\u00e1culo de luzes.<\/span><\/p>\n<p class=\"isSelectedEnd\"><strong><span style=\"font-family: 'comic sans ms', sans-serif; color: #800000;\">Encerrando a cerim\u00f4nia, o rei apareceu novamente na varanda do Pa\u00e7o vestindo um luxuoso traje bordado em ouro, coberto por um manto de veludo carmesim e usando um chap\u00e9u adornado com plumas. A multid\u00e3o que lotava a pra\u00e7a respondeu com sucessivos vivas ao soberano.<\/span><\/strong><\/p>\n<p><span style=\"font-family: 'comic sans ms', sans-serif; color: #800000;\">Para muitos contempor\u00e2neos, jamais a Am\u00e9rica Portuguesa havia presenciado uma manifesta\u00e7\u00e3o de poder e magnific\u00eancia compar\u00e1vel. A aclama\u00e7\u00e3o de D. Jo\u00e3o VI simbolizou n\u00e3o apenas a coroa\u00e7\u00e3o de um rei, mas a consolida\u00e7\u00e3o do Rio de Janeiro como capital efetiva do Reino Unido de Portugal, Brasil e Algarves, projetando a monarquia portuguesa para o centro pol\u00edtico do Atl\u00e2ntico.<\/span><\/p>\n<p><span style=\"font-family: 'comic sans ms', sans-serif; color: #0000ff;\">Esse cerimonial de aclama\u00e7\u00e3o marcou a consagra\u00e7\u00e3o do Brasil como centro do Imp\u00e9rio Portugu\u00eas, evidenciando que, por alguns anos, foi dos tr\u00f3picos que se irradiou o poder da mais antiga monarquia da Europa.<\/span><\/p>\n<hr \/>\n<p>&nbsp;<\/p>\n<p><span style=\"font-size: 18pt;\"><strong><span style=\"font-family: 'comic sans ms', sans-serif; color: #ff0000;\">O pre\u00e7o da Independ\u00eancia<\/span><\/strong><\/span><\/p>\n<p><span style=\"font-size: 14pt;\"><span style=\"color: #0000ff;\"><span style=\"font-family: 'comic sans ms', sans-serif;\"><em>Parte dessa cole\u00e7\u00e3o acabou entrando, anos depois, nas negocia\u00e7\u00f5es que selaram a Independ\u00eancia do Brasil.<\/em><\/span><\/span><\/span><\/p>\n<p><span style=\"font-family: 'comic sans ms', sans-serif; color: #800000;\">Ao retornar \u00e0 Europa, em 1821, Dom Jo\u00e3o levou consigo apenas parte dos manuscritos referentes \u00e0 hist\u00f3ria de Portugal. Anos depois, na negocia\u00e7\u00e3o da Independ\u00eancia do Brasil, o restante da cole\u00e7\u00e3o foi avaliado como parte da indeniza\u00e7\u00e3o devida \u00e0 fam\u00edlia real portuguesa pelos bens deixados no pa\u00eds, somando 800 contos de r\u00e9is. Esse valor integrou o empr\u00e9stimo de 2 milh\u00f5es de libras esterlinas contra\u00eddo junto \u00e0 Inglaterra \u2014 o marco inicial da d\u00edvida externa brasileira.<\/span><\/p>\n<hr \/>\n<h2><span style=\"font-family: 'comic sans ms', sans-serif; color: #ff0000;\">De cole\u00e7\u00e3o real a patrim\u00f4nio mundial<\/span><\/h2>\n<p><span style=\"font-size: 14pt;\"><span style=\"font-family: 'comic sans ms', sans-serif; color: #0000ff;\"><em>O pequeno n\u00facleo trazido por Dom Jo\u00e3o deu origem a um dos maiores acervos do mundo.<\/em><\/span><\/span><\/p>\n<p><span style=\"font-family: 'comic sans ms', sans-serif; color: #800000;\">O n\u00facleo trazido e ampliado por Dom Jo\u00e3o no Rio de Janeiro \u00e9 hoje apenas uma pequena parcela do acervo da Biblioteca Nacional, que re\u00fane cerca de 9 milh\u00f5es de pe\u00e7as \u2014 entre livros, manuscritos, peri\u00f3dicos, estampas, mapas e partituras \u2014, consolidando-se como uma das mais importantes bibliotecas do mundo.<\/span><\/p>\n<p><span style=\"font-family: 'comic sans ms', sans-serif; color: #800000;\">Parte dessa hist\u00f3ria p\u00f4de ser conhecida de perto na exposi\u00e7\u00e3o D. Jo\u00e3o VI: um legado em papel, realizada em novembro de 2008 no Centro Cultural da Justi\u00e7a Federal e depois disponibilizada tamb\u00e9m em vers\u00e3o virtual. A mostra reunia documentos administrativos, mapas, livros, manuscritos e gravuras do Per\u00edodo Joanino, contando a trajet\u00f3ria que vai do Brasil col\u00f4nia \u00e0s v\u00e9speras da chegada da Corte, passando pela transforma\u00e7\u00e3o do Rio de Janeiro e terminando no retorno de Dom Jo\u00e3o a Portugal, em 1821 \u2014 decis\u00e3o que assegurou sua perman\u00eancia no trono, mas n\u00e3o impediu a perda da unidade do Imp\u00e9rio.<\/span><\/p>\n<p><span style=\"font-family: 'comic sans ms', sans-serif; color: #800000;\">Essa perda, no entanto, n\u00e3o diminui sua obra. Se a origem da Biblioteca Nacional est\u00e1 ligada ao legado de Dom Jo\u00e3o, \u00e9 o presente que confirma sua import\u00e2ncia: o volume de suas cole\u00e7\u00f5es, o grande n\u00famero de pesquisadores que as consultam e o crescimento constante do acervo mostram um patrim\u00f4nio que o Brasil de hoje segue preservando para o mundo de amanh\u00e3.<\/span><\/p>\n<hr \/>\n<p><span style=\"color: #ff0000; font-size: 18pt;\"><strong><span style=\"font-family: 'comic sans ms', sans-serif;\">O verdadeiro legado de Dom Jo\u00e3o VI<\/span><\/strong><\/span><\/p>\n<p><span style=\"font-family: 'comic sans ms', sans-serif; color: #0000ff; font-size: 14pt;\"><em>Ao olhar para o conjunto de sua obra, seu papel hist\u00f3rico vai muito al\u00e9m da transfer\u00eancia da Corte.<\/em><\/span><\/p>\n<p><span style=\"font-family: 'comic sans ms', sans-serif; color: #800000;\"><a href=\"https:\/\/repensandoavida.com.br\/blog\/wp-content\/uploads\/2026\/07\/D-JOAO-SEXTO-DESEMBARQUE-PORTUGAL.png\"><img loading=\"lazy\" decoding=\"async\" class=\"wp-image-6086 alignleft\" src=\"https:\/\/repensandoavida.com.br\/blog\/wp-content\/uploads\/2026\/07\/D-JOAO-SEXTO-DESEMBARQUE-PORTUGAL-300x241.png\" alt=\"\" width=\"386\" height=\"310\" srcset=\"https:\/\/repensandoavida.com.br\/blog\/wp-content\/uploads\/2026\/07\/D-JOAO-SEXTO-DESEMBARQUE-PORTUGAL-300x241.png 300w, https:\/\/repensandoavida.com.br\/blog\/wp-content\/uploads\/2026\/07\/D-JOAO-SEXTO-DESEMBARQUE-PORTUGAL-1024x823.png 1024w, https:\/\/repensandoavida.com.br\/blog\/wp-content\/uploads\/2026\/07\/D-JOAO-SEXTO-DESEMBARQUE-PORTUGAL-768x617.png 768w, https:\/\/repensandoavida.com.br\/blog\/wp-content\/uploads\/2026\/07\/D-JOAO-SEXTO-DESEMBARQUE-PORTUGAL-700x562.png 700w, https:\/\/repensandoavida.com.br\/blog\/wp-content\/uploads\/2026\/07\/D-JOAO-SEXTO-DESEMBARQUE-PORTUGAL.png 1399w\" sizes=\"auto, (max-width: 386px) 100vw, 386px\" \/><\/a><\/span><\/p>\n<p>&nbsp;<\/p>\n<p><strong><span style=\"font-family: 'comic sans ms', sans-serif; color: #800000;\">A import\u00e2ncia hist\u00f3rica de Dom Jo\u00e3o VI vai muito al\u00e9m da transfer\u00eancia da Corte para o Brasil. Seu governo lan\u00e7ou as bases do Estado brasileiro moderno, estruturando institui\u00e7\u00f5es, fortalecendo a economia, promovendo a cultura e redefinindo o papel do Brasil no cen\u00e1rio internacional.<\/span><\/strong><\/p>\n<p>&nbsp;<\/p>\n<p><span style=\"font-family: 'comic sans ms', sans-serif; color: #0000ff;\">Se Dom Pedro I \u00e9 lembrado como o proclamador da Independ\u00eancia, Dom Jo\u00e3o VI pode ser considerado o estadista que preparou o terreno para que ela ocorresse de forma relativamente pac\u00edfica e com unidade territorial. Ao transformar uma col\u00f4nia em sede de um imp\u00e9rio e, depois, em Reino Unido, ele deu ao Brasil condi\u00e7\u00f5es pol\u00edticas, administrativas e institucionais para nascer como uma na\u00e7\u00e3o organizada \u2014 um legado que ainda se reflete na estrutura do Estado brasileiro contempor\u00e2neo.<\/span><\/p>\n<p>&nbsp;<\/p>\n<hr \/>\n<h1><span style=\"font-family: 'comic sans ms', sans-serif; color: #ff0000;\">Conclus\u00e3o<\/span><\/h1>\n<p class=\"font-claude-response-body break-words whitespace-normal\" dir=\"ltr\"><span style=\"font-family: 'comic sans ms', sans-serif; color: #800000;\">Encerro este primeiro artigo com a certeza de que a Hist\u00f3ria precisa ser revista com mais justi\u00e7a. Dom Jo\u00e3o VI n\u00e3o foi apenas o rei das caricaturas escolares: foi o estadista que, em meio a crises e incertezas, teve a coragem de reorganizar um imp\u00e9rio e lan\u00e7ar, em solo brasileiro, as bases de um Estado que perdura at\u00e9 hoje.<\/span><\/p>\n<p class=\"font-claude-response-body break-words whitespace-normal\" dir=\"ltr\"><span style=\"font-family: 'comic sans ms', sans-serif; color: #800000;\">Coube a ele abrir os portos, fundar institui\u00e7\u00f5es, elevar o Brasil \u00e0 condi\u00e7\u00e3o de Reino Unido e preparar, com prud\u00eancia, o caminho que seu filho haveria de trilhar. Se a Independ\u00eancia nasceu de um gesto de ruptura, ela s\u00f3 foi poss\u00edvel porque antes existiu alicerce \u2014 e esse alicerce tem nome: Dom Jo\u00e3o VI.<\/span><\/p>\n<p class=\"font-claude-response-body break-words whitespace-normal\" dir=\"ltr\"><span style=\"font-family: 'comic sans ms', sans-serif; color: #800000;\"><span style=\"color: #0000ff;\">Convido voc\u00ea, leitor, a continuar essa jornada pela nossa forma\u00e7\u00e3o hist\u00f3rica no pr\u00f3ximo artigo da s\u00e9rie &#8220;Os Homens que Lan\u00e7aram os Alicerces do Brasil&#8221;: <strong>&#8220;D. Pedro I \u2014 O Herdeiro que Transformou um Reino em Na\u00e7\u00e3o&#8221;<\/strong>.<\/span> Nele, veremos como o filho deu novo rumo \u00e0 obra iniciada pelo pai, transformando um reino em na\u00e7\u00e3o livre.<\/span><\/p>\n<p class=\"font-claude-response-body break-words whitespace-normal\" dir=\"ltr\"><span style=\"color: #0000ff;\"><strong><span style=\"font-family: 'comic sans ms', sans-serif;\">Como diz a ep\u00edgrafe que abre este texto: os povos que conhecem sua hist\u00f3ria compreendem melhor o presente \u2014 e constroem, com mais sabedoria, o futuro.<\/span><\/strong><\/span><\/p>\n<p>&nbsp;<\/p>\n<p style=\"text-align: center;\"><span style=\"color: #ff0000; font-size: 14pt;\"><strong><span style=\"font-family: 'comic sans ms', sans-serif;\">Autor: Walmor Tadeu Schweitzer<\/span><\/strong><\/span><\/p>\n<p style=\"text-align: center;\"><span style=\"color: #ff0000; font-size: 14pt;\"><strong><span style=\"font-family: 'comic sans ms', sans-serif;\">Contato: walmor1953@gmail.com<\/span><\/strong><\/span><\/p>\n<hr \/>\n<hr \/>\n<p><strong><span style=\"font-family: 'comic sans ms', sans-serif; color: #ff0000; font-size: 18pt;\">Fontes<\/span><\/strong><\/p>\n<div class=\"flex-1 flex flex-col px-4 max-w-3xl mx-auto w-full pt-1\">\n<div role=\"feed\" aria-label=\"Mensagens do chat\" aria-describedby=\"_r_bs_\" aria-busy=\"false\" data-find-provider-scope=\"\">\n<div data-sizer-excess=\"0\" data-rocksteady-sizer=\"\">\n<div data-rs-index=\"13\" data-index=\"13\" data-last-message=\"true\">\n<div tabindex=\"0\" role=\"article\" aria-setsize=\"14\" aria-posinset=\"14\" aria-label=\"Mensagem 14 de 14\">\n<div data-test-render-count=\"1\">\n<div class=\"group group\/message-row\">\n<div class=\"contents\">\n<div class=\"group relative relative pb-[var(--msg-assistant-pb,0.75rem)]\" data-is-streaming=\"false\">\n<div class=\"font-claude-response relative leading-[1.65rem] [&amp;_pre&gt;div]:bg-bg-000\/50 [&amp;_pre&gt;div]:border-0.5 [&amp;_pre&gt;div]:border-border-400 [&amp;_.ignore-pre-bg&gt;div]:bg-transparent [&amp;_.standard-markdown_:is(p,blockquote,h1,h2,h3,h4,h5,h6)]:pl-2 [&amp;_.standard-markdown_:is(p,blockquote,ul,ol,h1,h2,h3,h4,h5,h6)]:pr-8 [&amp;_.progressive-markdown_:is(p,blockquote,h1,h2,h3,h4,h5,h6)]:pl-2 [&amp;_.progressive-markdown_:is(p,blockquote,ul,ol,h1,h2,h3,h4,h5,h6)]:pr-8\">\n<div>\n<div class=\"grid grid-rows-[auto_auto] min-w-0\">\n<div class=\"row-start-2 col-start-1 relative grid grid-rows-[auto_auto] isolate min-w-0\">\n<div class=\"row-start-1 col-start-1 relative z-[2] min-w-0\">\n<div>\n<div>\n<div class=\"standard-markdown grid-cols-1 grid [&amp;_&gt;_*]:min-w-0 gap-3 [&amp;_&gt;_*:last-child]:mb-0 print:block print:[&amp;_&gt;_*_+_*]:mt-3 standard-markdown\">\n<ul class=\"[li_&amp;]:mb-0 [li_&amp;]:mt-1 [li_&amp;]:gap-1 [&amp;:not(:last-child)_ul]:pb-1 [&amp;:not(:last-child)_ol]:pb-1 list-disc flex flex-col gap-1 pl-8 mb-3 print:block print:space-y-1\" dir=\"ltr\">\n<li class=\"font-claude-response-body whitespace-normal break-words pl-2\"><span style=\"font-family: 'comic sans ms', sans-serif; color: #800000;\">SCHWARCZ, Lilia M.; STARLING, Heloisa M. <em>Brasil: uma biografia<\/em>. S\u00e3o Paulo: Companhia das Letras, 2015.<\/span><\/li>\n<li class=\"font-claude-response-body whitespace-normal break-words pl-2\"><span style=\"font-family: 'comic sans ms', sans-serif; color: #800000;\">SCHWARCZ, Lilia Moritz. <em>D. Jo\u00e3o Carioca: a corte portuguesa chega ao Brasil (1808-1821)<\/em>. S\u00e3o Paulo: Companhia das Letras, 2008.<\/span><\/li>\n<li class=\"font-claude-response-body whitespace-normal break-words pl-2\"><span style=\"font-family: 'comic sans ms', sans-serif; color: #800000;\">SCHWARCZ, Lilia Moritz. <em>A Longa Viagem da Biblioteca dos Reis: do terremoto de Lisboa \u00e0 Independ\u00eancia do Brasil<\/em>. S\u00e3o Paulo: Companhia das Letras, 2002.<\/span><\/li>\n<li class=\"font-claude-response-body whitespace-normal break-words pl-2\"><span style=\"font-family: 'comic sans ms', sans-serif; color: #800000;\">GOMES, Laurentino. <em>1808: como uma rainha louca, um pr\u00edncipe medroso e uma corte corrupta enganaram Napole\u00e3o e mudaram a Hist\u00f3ria de Portugal e do Brasil<\/em>. S\u00e3o Paulo: Planeta, 2007.<\/span><\/li>\n<li class=\"font-claude-response-body whitespace-normal break-words pl-2\"><span style=\"font-family: 'comic sans ms', sans-serif; color: #800000;\">MALERBA, Jurandir. <em>A Corte no Ex\u00edlio: civiliza\u00e7\u00e3o e poder no Brasil \u00e0s v\u00e9speras da Independ\u00eancia (1808 a 1821)<\/em>. S\u00e3o Paulo: Companhia das Letras, 2000.<\/span><\/li>\n<li class=\"font-claude-response-body whitespace-normal break-words pl-2\"><span style=\"font-family: 'comic sans ms', sans-serif; color: #800000;\">LIMA, Manuel de Oliveira. <em>D. Jo\u00e3o VI no Brasil<\/em>. Rio de Janeiro: Topbooks, 1996 (obra cl\u00e1ssica, publicada originalmente em 1908).<\/span><\/li>\n<li class=\"font-claude-response-body whitespace-normal break-words pl-2\"><span style=\"font-family: 'comic sans ms', sans-serif; color: #800000;\">SOUZA, Laura de Mello e; FURTADO, J\u00fania Ferreira; BICALHO, Maria Fernanda (orgs.). <em>O Brasil Colonial<\/em>. Rio de Janeiro: Civiliza\u00e7\u00e3o Brasileira, 2011.<\/span><\/li>\n<li class=\"font-claude-response-body whitespace-normal break-words pl-2\"><span style=\"font-family: 'comic sans ms', sans-serif; color: #800000;\">LUSTOSA, Isabel. <em>D. Pedro I<\/em>. S\u00e3o Paulo: Companhia das Letras, 2006. <em>(refer\u00eancia de apoio, \u00fatil para o pr\u00f3ximo artigo da s\u00e9rie)<\/em><\/span><\/li>\n<\/ul>\n<\/div>\n<\/div>\n<\/div>\n<\/div>\n<\/div>\n<\/div>\n<\/div>\n<\/div>\n<\/div>\n<\/div>\n<\/div>\n<\/div>\n<\/div>\n<\/div>\n<\/div>\n<\/div>\n<\/div>\n","protected":false},"excerpt":{"rendered":"<p>\u201cOs povos que conhecem sua hist\u00f3ria compreendem melhor o presente e constroem com mais sabedoria o futuro.\u201d Sempre gostei de Hist\u00f3ria. Desde os bancos escolares, quando cursei o ensino fundamental e o ent\u00e3o chamado ensino cient\u00edfico na Escola Paroquial Nossa Senhora do Ros\u00e1rio e no&#8230;<\/p>\n","protected":false},"author":2,"featured_media":6047,"comment_status":"open","ping_status":"open","sticky":false,"template":"","format":"standard","meta":{"footnotes":""},"categories":[1,17,12,7],"tags":[],"class_list":["post-6018","post","type-post","status-publish","format-standard","has-post-thumbnail","hentry","category-blog","category-educacao","category-historia","category-politica"],"_links":{"self":[{"href":"https:\/\/repensandoavida.com.br\/blog\/wp-json\/wp\/v2\/posts\/6018","targetHints":{"allow":["GET"]}}],"collection":[{"href":"https:\/\/repensandoavida.com.br\/blog\/wp-json\/wp\/v2\/posts"}],"about":[{"href":"https:\/\/repensandoavida.com.br\/blog\/wp-json\/wp\/v2\/types\/post"}],"author":[{"embeddable":true,"href":"https:\/\/repensandoavida.com.br\/blog\/wp-json\/wp\/v2\/users\/2"}],"replies":[{"embeddable":true,"href":"https:\/\/repensandoavida.com.br\/blog\/wp-json\/wp\/v2\/comments?post=6018"}],"version-history":[{"count":54,"href":"https:\/\/repensandoavida.com.br\/blog\/wp-json\/wp\/v2\/posts\/6018\/revisions"}],"predecessor-version":[{"id":6118,"href":"https:\/\/repensandoavida.com.br\/blog\/wp-json\/wp\/v2\/posts\/6018\/revisions\/6118"}],"wp:featuredmedia":[{"embeddable":true,"href":"https:\/\/repensandoavida.com.br\/blog\/wp-json\/wp\/v2\/media\/6047"}],"wp:attachment":[{"href":"https:\/\/repensandoavida.com.br\/blog\/wp-json\/wp\/v2\/media?parent=6018"}],"wp:term":[{"taxonomy":"category","embeddable":true,"href":"https:\/\/repensandoavida.com.br\/blog\/wp-json\/wp\/v2\/categories?post=6018"},{"taxonomy":"post_tag","embeddable":true,"href":"https:\/\/repensandoavida.com.br\/blog\/wp-json\/wp\/v2\/tags?post=6018"}],"curies":[{"name":"wp","href":"https:\/\/api.w.org\/{rel}","templated":true}]}}